{"id":3800,"date":"2016-12-01T21:50:20","date_gmt":"2016-12-01T21:50:20","guid":{"rendered":"http:\/\/www.socepel.com.br\/wpress\/?p=3800"},"modified":"2016-12-12T21:57:05","modified_gmt":"2016-12-12T21:57:05","slug":"justica-concede-a-casal-de-santos-isencao-de-ipva-por-filho-com-sindrome-de-down","status":"publish","type":"post","link":"https:\/\/socepel.com.br\/?p=3800","title":{"rendered":"Justi\u00e7a concede a casal de Santos isen\u00e7\u00e3o de IPVA por filho com s\u00edndrome de down"},"content":{"rendered":"<h3><span style=\"font-size: medium; color: #000080;\">Juiz entendeu que, mesmo a crian\u00e7a n\u00e3o sendo a condutora do ve\u00edculo, necessita dos pais para se locomover<\/span><\/h3>\n<p style=\"text-align: justify;\"><span style=\"color: #333333;\"><span style=\"font-family: Arial;\"><span style=\"font-size: medium;\"><a href=\"http:\/\/www.socepel.com.br\/wpress\/?attachment_id=3801\" rel=\"attachment wp-att-3801\"><img loading=\"lazy\" decoding=\"async\" class=\"alignleft size-full wp-image-3801\" src=\"http:\/\/www.socepel.com.br\/wpress\/wp-content\/uploads\/2016\/12\/Noticia_20161201-3_Imagem.jpg\" alt=\"noticia_20161201-3_imagem\" width=\"298\" height=\"210\" \/><\/a><strong><span style=\"color: #000000;\">Um casal de Santos ganhou na Justi\u00e7a o direito \u00e0 isen\u00e7\u00e3o do Imposto sobre Propriedade de Ve\u00edculos Automotores (IPVA) por ter um filho com necessidades especiais. A conquista, apesar de n\u00e3o ser in\u00e9dita, \u00e9 desconhecida por muitos, j\u00e1 que hoje, o benef\u00edcio imediato s\u00f3 ocorre quando o pr\u00f3prio benefici\u00e1rio \u00e9 o condutor do ve\u00edculo.\u00a0<\/span><\/strong><\/span><\/span><\/span><\/p>\n<p style=\"text-align: justify;\"><strong><span style=\"color: #000000;\"><span style=\"font-family: Arial;\"><span style=\"font-size: medium;\">E foi exatamente por desconhecer a possibilidade de requerer a isen\u00e7\u00e3o do imposto que a comerciante Marcia Regina Euz\u00e9bio Cintra, de 46 anos, s\u00f3 recorreu \u00e0 Justi\u00e7a este ano. M\u00e3e do pequeno Rafael, de 8 anos, que tem S\u00edndrome de Down, ela agora espera ser restitu\u00edda pelos \u00faltimos cinco anos de imposto pago.\u00a0<\/span><\/span><\/span><\/strong><\/p>\n<p style=\"text-align: justify;\"><strong><span style=\"color: #000000;\">\u201c<span style=\"font-size: medium;\"><span style=\"font-family: Arial;\">O meu filho j\u00e1 tem 8 anos e s\u00f3 agora soube, por meio de um amigo, que poderia solicitar a isen\u00e7\u00e3o do imposto. At\u00e9 ent\u00e3o, n\u00e3o sabia que o benef\u00edcio poderia ser concedido aos familiares. Achava que somente se ele fosse o condutor do ve\u00edculo teria direito\u201d, comenta Marcia Regina, que espera que, com a decis\u00e3o favor\u00e1vel, outras fam\u00edlias possam ser beneficiadas.\u00a0<\/span><\/span><\/span><\/strong><\/p>\n<p style=\"text-align: justify;\"><strong><span style=\"color: #000000;\">\u201c<span style=\"font-size: medium;\"><span style=\"font-family: Arial;\">Para quem \u00e9 condutor, esse benef\u00edcio \u00e9 autom\u00e1tico, mas, para que seja estendido aos familiares, \u00e9 necess\u00e1rio recorrer judicialmente. Acho que falta conhecimento por parte da popula\u00e7\u00e3o, que s\u00f3 \u00e9 orientada a respeito da isen\u00e7\u00e3o do ICMS e IPI quando adquire um ve\u00edculo. As pessoas n\u00e3o devem deixar de se informar sobre seus direitos\u201d.\u00a0<\/span><\/span><\/span><\/strong><\/p>\n<p style=\"text-align: justify;\"><strong><span style=\"color: #000000;\"><span style=\"font-family: Arial;\"><span style=\"font-size: medium;\">Na decis\u00e3o, concedida no \u00faltimo dia 25 de outubro, de acordo com o advogado Robson dos Santos Amador, professor universit\u00e1rio e especialista em Direito Tribut\u00e1rio, o juiz deferiu a liminar por entender que, mesmo a crian\u00e7a n\u00e3o sendo a condutora do ve\u00edculo, necessita se locomover. Por isso, o benef\u00edcio deveria ser estendido aos pais.\u00a0<\/span><\/span><\/span><\/strong><\/p>\n<p style=\"text-align: justify;\"><strong><span style=\"color: #000000;\">\u201c<span style=\"font-size: medium;\"><span style=\"font-family: Arial;\">Como os pais usam o ve\u00edculo para locomo\u00e7\u00e3o da crian\u00e7a, eles fazem jus ao benef\u00edcio, que j\u00e1 passa a ser concedido a partir do pr\u00f3ximo ano. Agora, vamos recorrer para que a fam\u00edlia receba, corrigido com base na taxa Selic, o valor pago pelo imposto nos \u00faltimos cinco anos\u201d, explica o advogado.\u00a0<\/span><\/span><\/span><\/strong><\/p>\n<p><span style=\"font-size: medium;\"><span style=\"color: #333333;\"><span style=\"font-family: Arial;\">Fonte;<\/span><\/span><a href=\"http:\/\/www.atribuna.com.br\/noticias\/noticias-detalhe\/cidades\/justica-concede-a-casal-de-santos-isencao-de-ipva-por-filho-com-sindrome-de-down\/?cHash=13361105699b3f38d27b6bbc9043b001\"><span style=\"color: #000099;\"><span style=\"font-family: Arial;\"><span style=\"font-size: small;\">http:\/\/www.atribuna.com.br\/noticias\/noticias-detalhe\/cidades\/justica-concede-a-casal-de-santos-isencao-de-ipva-por-filho-com-sindrome-de-down\/?cHash=13361105699b3f38d27b6bbc9043b001<\/span><\/span><\/span><\/a><\/span><\/p>\n","protected":false},"excerpt":{"rendered":"<p>Juiz entendeu que, mesmo a crian\u00e7a n\u00e3o sendo a condutora do ve\u00edculo, necessita dos pais para se locomover Um casal de Santos ganhou na Justi\u00e7a o direito \u00e0 isen\u00e7\u00e3o do Imposto sobre Propriedade de Ve\u00edculos Automotores (IPVA) por ter um filho com necessidades especiais. A conquista, apesar de n\u00e3o ser in\u00e9dita, \u00e9 desconhecida por muitos, [&hellip;]<\/p>\n","protected":false},"author":4,"featured_media":0,"comment_status":"open","ping_status":"open","sticky":false,"template":"","format":"standard","meta":{"footnotes":""},"categories":[18,28,32,43],"tags":[],"class_list":["post-3800","post","type-post","status-publish","format-standard","hentry","category-down","category-geral","category-judicial","category-noticia"],"_links":{"self":[{"href":"https:\/\/socepel.com.br\/index.php?rest_route=\/wp\/v2\/posts\/3800","targetHints":{"allow":["GET"]}}],"collection":[{"href":"https:\/\/socepel.com.br\/index.php?rest_route=\/wp\/v2\/posts"}],"about":[{"href":"https:\/\/socepel.com.br\/index.php?rest_route=\/wp\/v2\/types\/post"}],"author":[{"embeddable":true,"href":"https:\/\/socepel.com.br\/index.php?rest_route=\/wp\/v2\/users\/4"}],"replies":[{"embeddable":true,"href":"https:\/\/socepel.com.br\/index.php?rest_route=%2Fwp%2Fv2%2Fcomments&post=3800"}],"version-history":[{"count":1,"href":"https:\/\/socepel.com.br\/index.php?rest_route=\/wp\/v2\/posts\/3800\/revisions"}],"predecessor-version":[{"id":3802,"href":"https:\/\/socepel.com.br\/index.php?rest_route=\/wp\/v2\/posts\/3800\/revisions\/3802"}],"wp:attachment":[{"href":"https:\/\/socepel.com.br\/index.php?rest_route=%2Fwp%2Fv2%2Fmedia&parent=3800"}],"wp:term":[{"taxonomy":"category","embeddable":true,"href":"https:\/\/socepel.com.br\/index.php?rest_route=%2Fwp%2Fv2%2Fcategories&post=3800"},{"taxonomy":"post_tag","embeddable":true,"href":"https:\/\/socepel.com.br\/index.php?rest_route=%2Fwp%2Fv2%2Ftags&post=3800"}],"curies":[{"name":"wp","href":"https:\/\/api.w.org\/{rel}","templated":true}]}}