{"id":3667,"date":"2016-09-12T00:45:34","date_gmt":"2016-09-12T00:45:34","guid":{"rendered":"http:\/\/www.socepel.com.br\/wpress\/?p=3667"},"modified":"2016-09-13T00:53:49","modified_gmt":"2016-09-13T00:53:49","slug":"cromossomo-21-leva-para-as-telas-amor-e-independencia-de-portadores-de-sindrome-de-down","status":"publish","type":"post","link":"https:\/\/socepel.com.br\/?p=3667","title":{"rendered":"\u2018Cromossomo 21\u2019 leva para as telas amor e independ\u00eancia de portadores de s\u00edndrome de Down"},"content":{"rendered":"<p><strong><span style=\"color: #000000;\"><a href=\"http:\/\/www.socepel.com.br\/wpress\/?attachment_id=3668\" rel=\"attachment wp-att-3668\"><img loading=\"lazy\" decoding=\"async\" class=\"aligncenter size-full wp-image-3668\" src=\"http:\/\/www.socepel.com.br\/wpress\/wp-content\/uploads\/2016\/09\/Noticia_20160913-3A_Imagem.jpg\" alt=\"noticia_20160913-3a_imagem\" width=\"580\" height=\"361\" srcset=\"https:\/\/socepel.com.br\/wp-content\/uploads\/2016\/09\/Noticia_20160913-3A_Imagem.jpg 580w, https:\/\/socepel.com.br\/wp-content\/uploads\/2016\/09\/Noticia_20160913-3A_Imagem-300x187.jpg 300w\" sizes=\"auto, (max-width: 580px) 100vw, 580px\" \/><\/a><span style=\"font-family: inherit;\"><span style=\"font-size: small;\">Lu\u00eds Eduardo Gomes<\/span><\/span><\/span><\/strong><\/p>\n<p align=\"justify\"><strong><span style=\"color: #000000;\"><span style=\"font-family: Arial, Helvetica, sans-serif;\"><span style=\"font-size: small;\">Quem disse que portadores de s\u00edndrome de Down n\u00e3o podem sair de casa? Ter um emprego? Se apaixonar? Inclusive por n\u00e3o portadores da s\u00edndrome? Essa discuss\u00e3o est\u00e1 presente no filme\u00a0<\/span><\/span><span style=\"font-family: Arial, Helvetica, sans-serif;\"><span style=\"font-size: small;\"><em>Cromossomo 21<\/em><\/span><\/span><span style=\"font-family: Arial, Helvetica, sans-serif;\"><span style=\"font-size: small;\">, que teve sua pr\u00e9-estreia no 44\u00ba Festival de Cinema de Gramado e cujo diretor conversou com a reportagem do\u00a0<\/span><\/span><span style=\"font-family: Arial, Helvetica, sans-serif;\"><span style=\"font-size: small;\">Sul21<\/span><\/span><span style=\"font-family: Arial, Helvetica, sans-serif;\"><span style=\"font-size: small;\">\u00a0durante o evento de lan\u00e7amento da obra na cidade ga\u00facha.<\/span><\/span><\/span><\/strong><\/p>\n<p align=\"justify\"><strong><span style=\"color: #000000;\"><span style=\"font-family: Arial, Helvetica, sans-serif;\"><span style=\"font-size: small;\">De acordo com Alex Duarte, o filme faz parte de um projeto maior, que tamb\u00e9m inclui um livro, que ele est\u00e1 apresentando em uma turn\u00ea pelo Brasil, e um ciclo de palestras \u201cpara ajudar os pais a soltar seus filhos\u201d com s\u00edndrome de Down.<\/span><\/span><\/span><\/strong><\/p>\n<p align=\"justify\"><strong><span style=\"color: #000000;\"><span style=\"font-family: Arial, Helvetica, sans-serif;\"><span style=\"font-size: small;\">Alex explica que a ideia para o filme surgiu h\u00e1 cerca de seis anos, quando ele trabalhava como estagi\u00e1rio de um jornal e foi escalado para fazer uma reportagem sobre uma jovem portadora de s\u00edndrome de Down que passou no vestibular para Nutri\u00e7\u00e3o. Ele reconhece que, inicialmente, encarou a pauta com preconceito. \u201cO preconceito nada mais \u00e9 do que aquilo que tu n\u00e3o conhece, o que o teu c\u00e9rebro n\u00e3o vivenciou\u201d, pondera.<\/span><\/span><\/span><\/strong><\/p>\n<p align=\"justify\"><strong><span style=\"color: #000000;\"><span style=\"font-family: Arial, Helvetica, sans-serif;\"><span style=\"font-size: small;\"><a href=\"http:\/\/www.socepel.com.br\/wpress\/?attachment_id=3669\" rel=\"attachment wp-att-3669\"><img loading=\"lazy\" decoding=\"async\" class=\"alignleft size-full wp-image-3669\" src=\"http:\/\/www.socepel.com.br\/wpress\/wp-content\/uploads\/2016\/09\/Noticia_20160913-3B_Imagem.jpg\" alt=\"noticia_20160913-3b_imagem\" width=\"288\" height=\"208\" \/><\/a>No entanto, conta que esses preconceitos se dissiparam quando sentou na frente da jovem Adriele Pelentir. \u201cEla come\u00e7ou a me entrevistar: \u2018Alex, voc\u00ea realmente acha que eu sou igual a voc\u00ea? Alex, voc\u00ea tem namorada? Eu n\u00e3o tenho. Voc\u00ea acha que nesta vida eu vou amar algu\u00e9m de verdade e algu\u00e9m vai me amar?&#8217;\u201d, relembra. \u201cAquelas perguntas me fizeram mudar de vida, porque a sensibilidade deles, a capacidade de ouvir, como eles tratam as pessoas, a ingenuidade que eles t\u00eam, \u00e9 algo que me fascinou, mudou minha vida e me tornou um ser humano muito melhor\u201d, completa. <\/span><\/span><\/span><\/strong><\/p>\n<p align=\"justify\"><strong><span style=\"color: #000000;\"><span style=\"font-family: Arial, Helvetica, sans-serif;\"><span style=\"font-size: small;\">Inspira\u00e7\u00e3o para os projetos de Alex, Adriele interpreta Vit\u00f3ria, a protagonista do filme<em>Cromossomo 21<\/em>. \u201cO filme trata sobre uma jovem que tem s\u00edndrome de Down e se apaixona por um cara que n\u00e3o tem. Esse romance fora dos padr\u00f5es come\u00e7a a chocar a fam\u00edlia do menino e a gente mostra como eles v\u00e3o conseguir trabalhar as diferen\u00e7as, como v\u00e3o conseguir vencer o preconceito e acreditar no amor\u201d, conta o diretor <\/span><\/span><\/span><\/strong><\/p>\n<p><strong><span style=\"color: #000000;\"><span style=\"font-family: Arial, Helvetica, sans-serif;\"><span style=\"font-size: small;\">A partir do primeiro contato com Adriele, ao longo de seis anos Alex buscou o depoimento de outros portadores da s\u00edndrome, que est\u00e3o presentes no livro tamb\u00e9m chamado\u00a0<em>Cromossomo<\/em>, uma obra dupla que, de outro lado conta a hist\u00f3ria do filme <\/span><\/span><\/span><\/strong><\/p>\n<p><strong><span style=\"color: #000000;\">\u201c<span style=\"font-family: Arial, Helvetica, sans-serif;\"><span style=\"font-size: small;\">A maioria das pesquisas no Brasil s\u00e3o para mostrar que jovens com s\u00edndrome de Down n\u00e3o s\u00e3o como os outros, que s\u00e3o menos, n\u00e3o chegam na mesma capacidade intelectual, e n\u00f3s provamos exatamente o contr\u00e1rio\u201d, diz. <\/span><\/span><\/span><\/strong><\/p>\n<p><strong><span style=\"color: #000000;\"><span style=\"font-family: Arial, Helvetica, sans-serif;\"><span style=\"font-size: small;\">Segundo ele, apenas recentemente est\u00e1 ocorrendo uma abertura da sociedade para os portadores de s\u00edndrome de Down. Um dos marcos dessa transforma\u00e7\u00e3o, reconhece Alex, \u00e9 o filme \u2018Colegas\u2019, premiado no mesmo festival de Gramado em 2012 e cujo trio de protagonistas \u00e9 portador de s\u00edndrome de Down. <\/span><\/span><\/span><\/strong><\/p>\n<p><strong><span style=\"color: #000000;\"><a href=\"http:\/\/www.socepel.com.br\/wpress\/?attachment_id=3670\" rel=\"attachment wp-att-3670\"><img loading=\"lazy\" decoding=\"async\" class=\"aligncenter size-full wp-image-3670\" src=\"http:\/\/www.socepel.com.br\/wpress\/wp-content\/uploads\/2016\/09\/Noticia_20160913-3C_Imagem.jpg\" alt=\"noticia_20160913-3c_imagem\" width=\"580\" height=\"425\" srcset=\"https:\/\/socepel.com.br\/wp-content\/uploads\/2016\/09\/Noticia_20160913-3C_Imagem.jpg 580w, https:\/\/socepel.com.br\/wp-content\/uploads\/2016\/09\/Noticia_20160913-3C_Imagem-300x220.jpg 300w\" sizes=\"auto, (max-width: 580px) 100vw, 580px\" \/><\/a>\u201c<span style=\"font-family: Arial, Helvetica, sans-serif;\"><span style=\"font-size: small;\">Muita coisa mudou. Inclusive, a gente est\u00e1 vendo os portadores de\u00a0Down saindo de casa. Antes, at\u00e9 os pr\u00f3prios m\u00e9dicos diziam que os Down n\u00e3o podiam ter filhos, que eram est\u00e9reis. Mas eles eram est\u00e9reis porque n\u00e3o faziam sexo, n\u00e3o tinham o exerc\u00edcio da sexualidade para que pudessem ter filhos. Hoje voc\u00ea v\u00ea jovens com s\u00edndrome de Down que s\u00e3o pais e pais inclusive de pessoas sem a s\u00edndrome. Cad\u00ea as impossibilidades que se colocou anos atr\u00e1s?\u201d, questiona. \u201cO filme<em>\u00a0Cromossomo 21<\/em>\u00a0\u00e9 uma hist\u00f3ria de amor, que mostra que \u00e9 poss\u00edvel a gente trabalhar com as diferen\u00e7as, desconstruir o conceito de que somos seres perfeitos. N\u00e3o somos, todos somos seres imperfeitos buscando a evolu\u00e7\u00e3o humana\u201d. <\/span><\/span><\/span><\/strong><\/p>\n<p><strong><span style=\"color: #000000;\"><span style=\"font-family: Arial, Helvetica, sans-serif;\"><span style=\"font-size: small;\">O filme ainda n\u00e3o tem data certa para a estreia, mas a previs\u00e3o \u00e9 que entre em cartaz no final do ano ou in\u00edcio de 2017. <\/span><\/span><\/span><\/strong><\/p>\n<p><span style=\"font-family: Arial, Helvetica, sans-serif;\"><span style=\"font-size: small;\"><strong><span style=\"color: #000000;\">Confira o trailer do filme:<\/span><\/strong><\/span><\/span><\/p>\n<p><span style=\"color: #000000; font-size: small;\"><iframe loading=\"lazy\" src=\"https:\/\/www.youtube.com\/embed\/p18bt3L9G0o\" width=\"560\" height=\"315\" frameborder=\"0\" allowfullscreen=\"allowfullscreen\"><\/iframe>\/span&gt;<\/span><\/p>\n<p><span style=\"color: #000000;\"><span style=\"font-family: Arial, Helvetica, sans-serif;\"><span style=\"font-size: small;\">Fonte:http:\/\/www.sul21.com.br\/jornal\/cromossomo-21-leva-para-as-telas-amor-e-independencia-de-portadores-de-sindrome-de-down\/<\/span><\/span><\/span><\/p>\n","protected":false},"excerpt":{"rendered":"<p>Lu\u00eds Eduardo Gomes Quem disse que portadores de s\u00edndrome de Down n\u00e3o podem sair de casa? Ter um emprego? Se apaixonar? Inclusive por n\u00e3o portadores da s\u00edndrome? Essa discuss\u00e3o est\u00e1 presente no filme\u00a0Cromossomo 21, que teve sua pr\u00e9-estreia no 44\u00ba Festival de Cinema de Gramado e cujo diretor conversou com a reportagem do\u00a0Sul21\u00a0durante o evento [&hellip;]<\/p>\n","protected":false},"author":4,"featured_media":0,"comment_status":"open","ping_status":"open","sticky":false,"template":"","format":"standard","meta":{"footnotes":""},"categories":[18,26,43],"tags":[],"class_list":["post-3667","post","type-post","status-publish","format-standard","hentry","category-down","category-filmes","category-noticia"],"_links":{"self":[{"href":"https:\/\/socepel.com.br\/index.php?rest_route=\/wp\/v2\/posts\/3667","targetHints":{"allow":["GET"]}}],"collection":[{"href":"https:\/\/socepel.com.br\/index.php?rest_route=\/wp\/v2\/posts"}],"about":[{"href":"https:\/\/socepel.com.br\/index.php?rest_route=\/wp\/v2\/types\/post"}],"author":[{"embeddable":true,"href":"https:\/\/socepel.com.br\/index.php?rest_route=\/wp\/v2\/users\/4"}],"replies":[{"embeddable":true,"href":"https:\/\/socepel.com.br\/index.php?rest_route=%2Fwp%2Fv2%2Fcomments&post=3667"}],"version-history":[{"count":1,"href":"https:\/\/socepel.com.br\/index.php?rest_route=\/wp\/v2\/posts\/3667\/revisions"}],"predecessor-version":[{"id":3671,"href":"https:\/\/socepel.com.br\/index.php?rest_route=\/wp\/v2\/posts\/3667\/revisions\/3671"}],"wp:attachment":[{"href":"https:\/\/socepel.com.br\/index.php?rest_route=%2Fwp%2Fv2%2Fmedia&parent=3667"}],"wp:term":[{"taxonomy":"category","embeddable":true,"href":"https:\/\/socepel.com.br\/index.php?rest_route=%2Fwp%2Fv2%2Fcategories&post=3667"},{"taxonomy":"post_tag","embeddable":true,"href":"https:\/\/socepel.com.br\/index.php?rest_route=%2Fwp%2Fv2%2Ftags&post=3667"}],"curies":[{"name":"wp","href":"https:\/\/api.w.org\/{rel}","templated":true}]}}