{"id":3661,"date":"2016-09-12T23:12:38","date_gmt":"2016-09-12T23:12:38","guid":{"rendered":"http:\/\/www.socepel.com.br\/wpress\/?p=3661"},"modified":"2016-09-12T23:12:38","modified_gmt":"2016-09-12T23:12:38","slug":"seminario-de-educacao-inclusiva-em-jaragua-do-sul","status":"publish","type":"post","link":"https:\/\/socepel.com.br\/?p=3661","title":{"rendered":"Semin\u00e1rio de Educa\u00e7\u00e3o Inclusiva em Jaragu\u00e1 do Sul"},"content":{"rendered":"<p align=\"justify\"><strong><a href=\"http:\/\/www.socepel.com.br\/wpress\/?attachment_id=3662\" rel=\"attachment wp-att-3662\"><img loading=\"lazy\" decoding=\"async\" class=\"aligncenter size-full wp-image-3662\" src=\"http:\/\/www.socepel.com.br\/wpress\/wp-content\/uploads\/2016\/09\/Noticia_20160912-1_Imagem.jpg\" alt=\"noticia_20160912-1_imagem\" width=\"580\" height=\"406\" srcset=\"https:\/\/socepel.com.br\/wp-content\/uploads\/2016\/09\/Noticia_20160912-1_Imagem.jpg 580w, https:\/\/socepel.com.br\/wp-content\/uploads\/2016\/09\/Noticia_20160912-1_Imagem-300x210.jpg 300w\" sizes=\"auto, (max-width: 580px) 100vw, 580px\" \/><\/a>O papel da escola na inclus\u00e3o de pessoas com defici\u00eancia, as dificuldades encontradas por cegos, surdos, cadeirantes ou autistas para ter acesso \u00e0 educa\u00e7\u00e3o e como os educadores devem contribuir para a supera\u00e7\u00e3o das dificuldades, s\u00e3o quest\u00f5es que ser\u00e3o debatidas durante o 1\u00ba Encontro de Educa\u00e7\u00e3o Inclusiva em Jaragu\u00e1 do Sul promovido pelo Instituto Federal de Santa Catarina, cujas inscri\u00e7\u00f5es, gratuitas, devem ser realizadas no site educacaoinclusiva.jaragua.ifsc.edu.br at\u00e9 16 de setembro. O evento contar\u00e1 com palestras nos per\u00edodos da manh\u00e3 e da tarde e \u00e9 voltado a professores, estudantes de licenciatura e demais profissionais ligados \u00e0 educa\u00e7\u00e3o. Est\u00e3o abertas 200 vagas para o evento, as quais ser\u00e3o preenchidas por ordem de inscri\u00e7\u00e3o. As atividades ocorrer\u00e3o no audit\u00f3rio da Faculdade Anhanguera.<\/strong><\/p>\n<p align=\"justify\"><strong>A psic\u00f3loga e coordenadora do evento, Juliana de Souza Augustin Pereira, observa que a educa\u00e7\u00e3o inclusiva \u00e9 um tema que precisa ser debatido tanto pelos atuais quanto pelos futuros educadores. \u201cFala-se muito em inclus\u00e3o e a escola \u00e9 um dos principais locais em que esse tema precisa ser colocado em pr\u00e1tica. Por isso o IFSC est\u00e1 trazendo a Jaragu\u00e1 do Sul palestrantes de diversas institui\u00e7\u00f5es para conversar sobre a realidade e os desafios ligados \u00e0 educa\u00e7\u00e3o inclusiva\u201d, destaca. A programa\u00e7\u00e3o do dia come\u00e7a com o credenciamento a partir das 7h30, solenidade de abertura \u00e0s 8h30, 8h45min a palestra com M\u00e1rio Cezar da Silva (Joinville) sobre &#8220;Pessoa com defici\u00eancia, educa\u00e7\u00e3o inclusiva e acessibilidade: provocativas para um mundo melhor&#8221;.<\/strong><\/p>\n<p align=\"justify\"><strong>\u00c0s 10h15min, a segunda palestra com Juliana Elis M\u00fcller de Jesus e Maressa Aguiar de Almeida Zapella, da AMA, sobre &#8220;Inclus\u00e3o de pessoas com Transtorno do Espectro Autista na Educa\u00e7\u00e3o&#8221;. A programa\u00e7\u00e3o vespertina inicia com apresenta\u00e7\u00e3o cultural \u00e0s 13h15min e \u00e0s 13h45min, Fabiana Schmitt Corr\u00eaa, do IFC Blumenau, abordar\u00e1 o tema &#8220;A inclus\u00e3o escolar do aluno com surdez: desafios e possibilidades&#8221;. \u00c0s 15h30min, Luana Tillmann, da Furb\/Blumenau, abordar\u00e1 os &#8220;Aspectos pedag\u00f3gicos do processo de ensino-aprendizagem de estudantes com defici\u00eancia visual&#8221;.<\/strong><\/p>\n<p align=\"justify\"><strong>Fonte: <a href=\"http:\/\/www.jdv.com.br\/noticia\/4864\/seminario-de-educacao-inclusiva-em-jaragua-do-sul\" target=\"_blank\">http:\/\/www.jdv.com.br\/<\/a><\/strong><\/p>\n","protected":false},"excerpt":{"rendered":"<p>O papel da escola na inclus\u00e3o de pessoas com defici\u00eancia, as dificuldades encontradas por cegos, surdos, cadeirantes ou autistas para ter acesso \u00e0 educa\u00e7\u00e3o e como os educadores devem contribuir para a supera\u00e7\u00e3o das dificuldades, s\u00e3o quest\u00f5es que ser\u00e3o debatidas durante o 1\u00ba Encontro de Educa\u00e7\u00e3o Inclusiva em Jaragu\u00e1 do Sul promovido pelo Instituto Federal [&hellip;]<\/p>\n","protected":false},"author":4,"featured_media":0,"comment_status":"open","ping_status":"open","sticky":false,"template":"","format":"standard","meta":{"footnotes":""},"categories":[19,43,44,49],"tags":[],"class_list":["post-3661","post","type-post","status-publish","format-standard","hentry","category-educacao","category-noticia","category-palestra","category-seminario"],"_links":{"self":[{"href":"https:\/\/socepel.com.br\/index.php?rest_route=\/wp\/v2\/posts\/3661","targetHints":{"allow":["GET"]}}],"collection":[{"href":"https:\/\/socepel.com.br\/index.php?rest_route=\/wp\/v2\/posts"}],"about":[{"href":"https:\/\/socepel.com.br\/index.php?rest_route=\/wp\/v2\/types\/post"}],"author":[{"embeddable":true,"href":"https:\/\/socepel.com.br\/index.php?rest_route=\/wp\/v2\/users\/4"}],"replies":[{"embeddable":true,"href":"https:\/\/socepel.com.br\/index.php?rest_route=%2Fwp%2Fv2%2Fcomments&post=3661"}],"version-history":[{"count":1,"href":"https:\/\/socepel.com.br\/index.php?rest_route=\/wp\/v2\/posts\/3661\/revisions"}],"predecessor-version":[{"id":3663,"href":"https:\/\/socepel.com.br\/index.php?rest_route=\/wp\/v2\/posts\/3661\/revisions\/3663"}],"wp:attachment":[{"href":"https:\/\/socepel.com.br\/index.php?rest_route=%2Fwp%2Fv2%2Fmedia&parent=3661"}],"wp:term":[{"taxonomy":"category","embeddable":true,"href":"https:\/\/socepel.com.br\/index.php?rest_route=%2Fwp%2Fv2%2Fcategories&post=3661"},{"taxonomy":"post_tag","embeddable":true,"href":"https:\/\/socepel.com.br\/index.php?rest_route=%2Fwp%2Fv2%2Ftags&post=3661"}],"curies":[{"name":"wp","href":"https:\/\/api.w.org\/{rel}","templated":true}]}}