{"id":3115,"date":"2016-02-26T01:57:57","date_gmt":"2016-02-26T01:57:57","guid":{"rendered":"http:\/\/www.socepel.com.br\/wpress\/?p=3115"},"modified":"2016-02-29T02:05:59","modified_gmt":"2016-02-29T02:05:59","slug":"pais-e-alunos-seguem-revoltados-com-fechamento-de-turmas-de-surdos-na-rosario","status":"publish","type":"post","link":"https:\/\/socepel.com.br\/?p=3115","title":{"rendered":"Pais e alunos seguem revoltados com fechamento de turmas de surdos na Ros\u00e1rio"},"content":{"rendered":"<p style=\"text-align: justify;\"><span style=\"color: #000000;\"><a href=\"http:\/\/www.socepel.com.br\/wpress\/?attachment_id=3116\" rel=\"attachment wp-att-3116\"><img loading=\"lazy\" decoding=\"async\" class=\"aligncenter size-full wp-image-3116\" src=\"http:\/\/www.socepel.com.br\/wpress\/wp-content\/uploads\/2016\/02\/Noticia_20160226-1_Imagem.jpg\" alt=\"Noticia_20160226-1_Imagem\" width=\"600\" height=\"399\" srcset=\"https:\/\/socepel.com.br\/wp-content\/uploads\/2016\/02\/Noticia_20160226-1_Imagem.jpg 600w, https:\/\/socepel.com.br\/wp-content\/uploads\/2016\/02\/Noticia_20160226-1_Imagem-300x200.jpg 300w\" sizes=\"auto, (max-width: 600px) 100vw, 600px\" \/><\/a>Diversos pais e alunos surdos da Escola Nossa Senhora do Ros\u00e1rio, de Santa Cruz do Sul, se reuniram na manh\u00e3 desta quinta-feira, 25, no audit\u00f3rio do Minist\u00e9rio P\u00fablico, com representantes da 6\u00aa Coordenadoria Regional de Educa\u00e7\u00e3o. L\u00e1 foram debatidas quest\u00f5es sobre inclus\u00e3o de pessoas com defici\u00eancia auditiva em turmas com ouvintes do 6\u00ba ao 9\u00ba ano. Em meio a protestos e reclama\u00e7\u00f5es, nenhum pai ou respons\u00e1vel pelos alunos surdos se mostrou satisfeito com o fechamento das turmas especiais.<\/span><\/p>\n<p style=\"text-align: justify;\"><span style=\"color: #000000;\">Mesmo com seu filho indo para o 2\u00ba ano do ensino fundamental \u2013 onde ainda permanecem as classes especiais \u2013, a funcion\u00e1ria p\u00fablica Lilian Lau, 37, disse estar preocupada com a educa\u00e7\u00e3o que seu filho, que d\u00e1 os primeiros passos na vida escolar, receber\u00e1, al\u00e9m de expressar sua compaix\u00e3o pela comunidade surda. \u201cDevemos nos preocupar com todos e nos unirmos neste momento. Essa mudan\u00e7a vai gerar o contr\u00e1rio de inclus\u00e3o, o que vai acontecer \u00e9 a exclus\u00e3o e o bullying. Essa medida \u00e9 incab\u00edvel\u201d, opinou.\u00a0<\/span><\/p>\n<p style=\"text-align: justify;\"><span style=\"color: #000000;\">Segundo Luiz Ricardo Pinho de Moura, coordenador da 6\u00aa CRE, a vontade dos pais e da comunidade surda foi compreendida por ele. Por isso, Moura afirma que encaminhar\u00e1 as reivindica\u00e7\u00f5es contra o fim das classes especiais \u00e0 dire\u00e7\u00e3o da Escola Ros\u00e1rio e \u00e0 Secretaria Estadual de Educa\u00e7\u00e3o (Seduc).\u00a0<\/span><\/p>\n<p><span style=\"color: #000000;\">\u00a0<iframe loading=\"lazy\" src=\"https:\/\/www.youtube.com\/embed\/4WDX7kbUDfc\" width=\"560\" height=\"315\" frameborder=\"0\" allowfullscreen=\"allowfullscreen\"><\/iframe><\/span><\/p>\n<p><span style=\"color: #000000;\">Fonte: <a href=\"http:\/\/gaz.com.br\/conteudos\/regional\/2016\/02\/25\/67217-pais_e_alunos_seguem_revoltados_com_fechamento_de_turmas_de_surdos_na_rosario.html.php\" target=\"_blank\">http:\/\/gaz.com.br\/<\/a><\/span><\/p>\n","protected":false},"excerpt":{"rendered":"<p>Diversos pais e alunos surdos da Escola Nossa Senhora do Ros\u00e1rio, de Santa Cruz do Sul, se reuniram na manh\u00e3 desta quinta-feira, 25, no audit\u00f3rio do Minist\u00e9rio P\u00fablico, com representantes da 6\u00aa Coordenadoria Regional de Educa\u00e7\u00e3o. L\u00e1 foram debatidas quest\u00f5es sobre inclus\u00e3o de pessoas com defici\u00eancia auditiva em turmas com ouvintes do 6\u00ba ao 9\u00ba [&hellip;]<\/p>\n","protected":false},"author":4,"featured_media":0,"comment_status":"open","ping_status":"open","sticky":false,"template":"","format":"standard","meta":{"footnotes":""},"categories":[20,28,39,43],"tags":[],"class_list":["post-3115","post","type-post","status-publish","format-standard","hentry","category-educacao-bilingue","category-geral","category-mpe","category-noticia"],"_links":{"self":[{"href":"https:\/\/socepel.com.br\/index.php?rest_route=\/wp\/v2\/posts\/3115","targetHints":{"allow":["GET"]}}],"collection":[{"href":"https:\/\/socepel.com.br\/index.php?rest_route=\/wp\/v2\/posts"}],"about":[{"href":"https:\/\/socepel.com.br\/index.php?rest_route=\/wp\/v2\/types\/post"}],"author":[{"embeddable":true,"href":"https:\/\/socepel.com.br\/index.php?rest_route=\/wp\/v2\/users\/4"}],"replies":[{"embeddable":true,"href":"https:\/\/socepel.com.br\/index.php?rest_route=%2Fwp%2Fv2%2Fcomments&post=3115"}],"version-history":[{"count":2,"href":"https:\/\/socepel.com.br\/index.php?rest_route=\/wp\/v2\/posts\/3115\/revisions"}],"predecessor-version":[{"id":3118,"href":"https:\/\/socepel.com.br\/index.php?rest_route=\/wp\/v2\/posts\/3115\/revisions\/3118"}],"wp:attachment":[{"href":"https:\/\/socepel.com.br\/index.php?rest_route=%2Fwp%2Fv2%2Fmedia&parent=3115"}],"wp:term":[{"taxonomy":"category","embeddable":true,"href":"https:\/\/socepel.com.br\/index.php?rest_route=%2Fwp%2Fv2%2Fcategories&post=3115"},{"taxonomy":"post_tag","embeddable":true,"href":"https:\/\/socepel.com.br\/index.php?rest_route=%2Fwp%2Fv2%2Ftags&post=3115"}],"curies":[{"name":"wp","href":"https:\/\/api.w.org\/{rel}","templated":true}]}}