{"id":2933,"date":"2015-11-02T17:52:40","date_gmt":"2015-11-02T17:52:40","guid":{"rendered":"http:\/\/www.socepel.com.br\/wpress\/?p=2933"},"modified":"2015-12-02T18:01:32","modified_gmt":"2015-12-02T18:01:32","slug":"projeto-propoe-escola-bilingue-para-ensinar-libras-a-trabalhadores-no-ap","status":"publish","type":"post","link":"https:\/\/socepel.com.br\/?p=2933","title":{"rendered":"Projeto prop\u00f5e escola bil\u00edngue para ensinar Libras a trabalhadores no AP"},"content":{"rendered":"<p><span style=\"color: #000000;\">Proposta, que pode virar projeto de lei, \u00e9 discutida durante confer\u00eancia.<\/span><\/p>\n<p><span style=\"color: #000000;\">Encontro sobre pessoas com defici\u00eancia acontece at\u00e9 sexta-feira (27).<\/span><\/p>\n<p align=\"justify\"><span style=\"color: #000000;\"><a href=\"http:\/\/www.socepel.com.br\/wpress\/wp-content\/uploads\/2015\/12\/Noticia_20151128-2A_Imagem.jpg\"><img loading=\"lazy\" decoding=\"async\" class=\"aligncenter size-full wp-image-2934\" src=\"http:\/\/www.socepel.com.br\/wpress\/wp-content\/uploads\/2015\/12\/Noticia_20151128-2A_Imagem.jpg\" alt=\"Noticia_20151128-2A_Imagem\" width=\"575\" height=\"462\" srcset=\"https:\/\/socepel.com.br\/wp-content\/uploads\/2015\/12\/Noticia_20151128-2A_Imagem.jpg 575w, https:\/\/socepel.com.br\/wp-content\/uploads\/2015\/12\/Noticia_20151128-2A_Imagem-300x241.jpg 300w\" sizes=\"auto, (max-width: 575px) 100vw, 575px\" \/><\/a>Uma escola bil\u00edngue que ensine a L\u00edngua Brasileira de Sinais (Libras) a trabalhadores de empresas privadas e institui\u00e7\u00f5es p\u00fablicas. Esse \u00e9 um dos projetos pensados por representantes de institui\u00e7\u00f5es sociais e que ser\u00e3o discutidos durante a 4\u00aa Confer\u00eancia Estadual dos Direitos da Pessoa com Defici\u00eancia, em Macap\u00e1, a partir desta quinta-feira (26).<\/span><\/p>\n<p align=\"justify\"><span style=\"color: #000000;\"><a href=\"http:\/\/www.socepel.com.br\/wpress\/wp-content\/uploads\/2015\/12\/Noticia_20151128-2B_Imagem.jpg\"><img loading=\"lazy\" decoding=\"async\" class=\"alignleft size-full wp-image-2935\" src=\"http:\/\/www.socepel.com.br\/wpress\/wp-content\/uploads\/2015\/12\/Noticia_20151128-2B_Imagem.jpg\" alt=\"Noticia_20151128-2B_Imagem\" width=\"275\" height=\"276\" srcset=\"https:\/\/socepel.com.br\/wp-content\/uploads\/2015\/12\/Noticia_20151128-2B_Imagem.jpg 275w, https:\/\/socepel.com.br\/wp-content\/uploads\/2015\/12\/Noticia_20151128-2B_Imagem-100x100.jpg 100w, https:\/\/socepel.com.br\/wp-content\/uploads\/2015\/12\/Noticia_20151128-2B_Imagem-150x150.jpg 150w\" sizes=\"auto, (max-width: 275px) 100vw, 275px\" \/><\/a>O vice-presidente do Conselho Estadual dos Direitos da Pessoa com Defici\u00eancia (Condeap), Rog\u00e9rio Santos, explica que a proposta surgiu em confer\u00eancias j\u00e1 realizadas nos munic\u00edpios.<\/span><\/p>\n<p align=\"justify\"><span style=\"color: #000000;\">&#8220;A ideia \u00e9 criar uma escola onde funcion\u00e1rios sejam preparados para atender a pessoas com defici\u00eancia auditiva. Nesse espa\u00e7o as pessoas que n\u00e3o s\u00e3o oralizadas [surdos que n\u00e3o conhecem Libras] tamb\u00e9m aprenderiam a Libras. Entendemos que pode ser feita uma parceria entre Estado e Munic\u00edpio para criar essa escola&#8221;, explicou Santos.<\/span><\/p>\n<p align=\"justify\"><span style=\"color: #000000;\">As aulas aconteceriam durante todo o ano, formando trabalhadores para que atendam melhor deficientes audiovisuais nos locais de trabalho.<\/span><\/p>\n<p align=\"justify\"><span style=\"color: #000000;\">De acordo com o vice-presidente do Condeap, que organiza a confer\u00eancia, essa e outras propostas s\u00e3o temas de discuss\u00f5es de mesas-redondas durante o evento que iniciou nesta quinta-feira, na Universidade Estadual do Amap\u00e1 (Ueap).<\/span><\/p>\n<p align=\"justify\"><span style=\"color: #000000;\">&#8220;Se aprovadas, as propostas v\u00e3o ser levadas para a [confer\u00eancia] nacional e podem servir de modelo para outros estados. S\u00e3o ideias que podem virar projeto de lei e serem implantadas daqui a 3 anos&#8221;, disse Rog\u00e9rio Santos.<\/span><\/p>\n<p align=\"justify\"><span style=\"color: #000000;\">A programa\u00e7\u00e3o tem como tema os desafios de implementar pol\u00edticas voltadas para pessoas com defici\u00eancias f\u00edsica, visual, auditiva ou intelectual. O evento segue na sexta-feira (27) no Centro de Educa\u00e7\u00e3o Profissional Graziela Reis<\/span><\/p>\n<p align=\"justify\"><span style=\"color: #000000;\">Fonte:<a href=\"http:\/\/g1.globo.com\/ap\/amapa\/noticia\/2015\/11\/projeto-propoe-escola-bilingue-para-ensinar-libras-trabalhadores-no-ap.html\" target=\"_blank\">http:\/\/g1.globo.com\/ap\/amapa\/noticia\/2015\/11\/projeto-propoe-escola-bilingue-para-ensinar-libras-trabalhadores-no-ap.html<\/a>28<\/span><\/p>\n","protected":false},"excerpt":{"rendered":"<p>Proposta, que pode virar projeto de lei, \u00e9 discutida durante confer\u00eancia. Encontro sobre pessoas com defici\u00eancia acontece at\u00e9 sexta-feira (27). Uma escola bil\u00edngue que ensine a L\u00edngua Brasileira de Sinais (Libras) a trabalhadores de empresas privadas e institui\u00e7\u00f5es p\u00fablicas. Esse \u00e9 um dos projetos pensados por representantes de institui\u00e7\u00f5es sociais e que ser\u00e3o discutidos durante [&hellip;]<\/p>\n","protected":false},"author":4,"featured_media":0,"comment_status":"open","ping_status":"open","sticky":false,"template":"","format":"standard","meta":{"footnotes":""},"categories":[19,23,35],"tags":[],"class_list":["post-2933","post","type-post","status-publish","format-standard","hentry","category-educacao","category-escolas-bilingue","category-libras"],"_links":{"self":[{"href":"https:\/\/socepel.com.br\/index.php?rest_route=\/wp\/v2\/posts\/2933","targetHints":{"allow":["GET"]}}],"collection":[{"href":"https:\/\/socepel.com.br\/index.php?rest_route=\/wp\/v2\/posts"}],"about":[{"href":"https:\/\/socepel.com.br\/index.php?rest_route=\/wp\/v2\/types\/post"}],"author":[{"embeddable":true,"href":"https:\/\/socepel.com.br\/index.php?rest_route=\/wp\/v2\/users\/4"}],"replies":[{"embeddable":true,"href":"https:\/\/socepel.com.br\/index.php?rest_route=%2Fwp%2Fv2%2Fcomments&post=2933"}],"version-history":[{"count":1,"href":"https:\/\/socepel.com.br\/index.php?rest_route=\/wp\/v2\/posts\/2933\/revisions"}],"predecessor-version":[{"id":2936,"href":"https:\/\/socepel.com.br\/index.php?rest_route=\/wp\/v2\/posts\/2933\/revisions\/2936"}],"wp:attachment":[{"href":"https:\/\/socepel.com.br\/index.php?rest_route=%2Fwp%2Fv2%2Fmedia&parent=2933"}],"wp:term":[{"taxonomy":"category","embeddable":true,"href":"https:\/\/socepel.com.br\/index.php?rest_route=%2Fwp%2Fv2%2Fcategories&post=2933"},{"taxonomy":"post_tag","embeddable":true,"href":"https:\/\/socepel.com.br\/index.php?rest_route=%2Fwp%2Fv2%2Ftags&post=2933"}],"curies":[{"name":"wp","href":"https:\/\/api.w.org\/{rel}","templated":true}]}}