{"id":2907,"date":"2015-11-12T16:29:00","date_gmt":"2015-11-12T16:29:00","guid":{"rendered":"http:\/\/www.socepel.com.br\/wpress\/?p=2907"},"modified":"2015-11-23T16:33:15","modified_gmt":"2015-11-23T16:33:15","slug":"investigador-portugues-descobre-maior-plasticidade-cerebral-em-pessoas-surdas","status":"publish","type":"post","link":"https:\/\/socepel.com.br\/?p=2907","title":{"rendered":"INVESTIGADOR PORTUGU\u00caS DESCOBRE MAIOR PLASTICIDADE CEREBRAL EM PESSOAS SURDAS"},"content":{"rendered":"<p align=\"justify\"><span style=\"color: #000000;\">Os surdos cong\u00e9nitos apresentam uma grande neuroplasticidade (capacidade do c\u00e9rebro se modificar) de longo prazo, fazendo com que o seu c\u00f3rtex auditivo aloje propriedades visuais t\u00edpicas do c\u00f3rtex visual, revela um estudo internacional liderado pelo investigador Jorge Almeida, da Faculdade de Psicologia e de Ci\u00eancias da Educa\u00e7\u00e3o da Universidade de Coimbra (UC).<\/span><\/p>\n<p align=\"justify\"><span style=\"color: #000000;\"><a href=\"http:\/\/www.socepel.com.br\/wpress\/wp-content\/uploads\/2015\/11\/Noticia_20151112-2_Imagem.jpg\"><img loading=\"lazy\" decoding=\"async\" class=\"aligncenter size-full wp-image-2908\" src=\"http:\/\/www.socepel.com.br\/wpress\/wp-content\/uploads\/2015\/11\/Noticia_20151112-2_Imagem.jpg\" alt=\"Noticia_20151112-2_Imagem\" width=\"550\" height=\"275\" srcset=\"https:\/\/socepel.com.br\/wp-content\/uploads\/2015\/11\/Noticia_20151112-2_Imagem.jpg 550w, https:\/\/socepel.com.br\/wp-content\/uploads\/2015\/11\/Noticia_20151112-2_Imagem-300x150.jpg 300w\" sizes=\"auto, (max-width: 550px) 100vw, 550px\" \/><\/a>Os resultados da pesquisa, j\u00e1 aceite para publica\u00e7\u00e3o na Psychological Science, revista internacional de refer\u00eancia na \u00e1rea da psicologia, poder\u00e3o ser determinantes &#8220;para explorar novas abordagens terap\u00eauticas para tratar les\u00f5es cerebrais e doen\u00e7as neurodegenerativas baseadas na neuroplasticidade, e ser\u00e3o centrais para o desenvolvimento de novas gera\u00e7\u00f5es de implantes cocleares mais eficazes&#8221;, nota o coordenador do estudo em comunicado de imprensa.<\/span><\/p>\n<p align=\"justify\"><span style=\"color: #000000;\">&#8220;Os atuais dispositivos&#8221;, clarifica o investigador, &#8220;est\u00e3o pensados para explorar a organiza\u00e7\u00e3o t\u00edpica do c\u00f3rtex auditivo, mas o estudo provou altera\u00e7\u00f5es na estrutura, passando o c\u00f3rtex auditivo a deter informa\u00e7\u00e3o relativa \u00e0 vis\u00e3o. Ser\u00e1 assim necess\u00e1rio repensar a conce\u00e7\u00e3o dos implantes cocleares de modo a que estes explorem tamb\u00e9m a nova organiza\u00e7\u00e3o cerebral&#8221;.<\/span><\/p>\n<p align=\"justify\"><span style=\"color: #000000;\">Financiado pela Funda\u00e7\u00e3o BIAL e por uma bolsa Marie-Curie (na primeira fase), o estudo foi realizado ao longo dos \u00faltimos quatro anos e envolveu um grupo de surdos cong\u00e9nitos e um grupo de normo-ouvintes (pessoas sem surdez) Chineses.<\/span><\/p>\n<p align=\"justify\"><span style=\"color: #000000;\">Para perceber os mecanismos de rece\u00e7\u00e3o e rea\u00e7\u00e3o do c\u00f3rtex auditivo, ambos os grupos foram sujeitos a diferentes est\u00edmulos visuais durante a realiza\u00e7\u00e3o de uma resson\u00e2ncia magn\u00e9tica, tendo os investigadores verificado que, no caso dos surdos, o c\u00f3rtex auditivo herda o tipo de processos e potencialmente organiza\u00e7\u00e3o que vemos no c\u00f3rtex visual dos normo-ouvintes.<\/span><\/p>\n<p align=\"justify\"><span style=\"color: #000000;\">Estas modifica\u00e7\u00f5es neuropl\u00e1sticas &#8220;dever\u00e3o ser respons\u00e1veis pela perce\u00e7\u00e3o visual perif\u00e9rica superior normalmente apresentada por surdos cong\u00e9nitos&#8221;, explica Jorge Almeida.<\/span><\/p>\n<p align=\"justify\"><span style=\"color: #000000;\">Entender os &#8220;mecanismos que o sistema nervoso central disp\u00f5e para se \u201creprogramar\u201d, modificando o funcionamento do c\u00e9rebro, \u00e9 essencial para o desenvolvimento de modelos que expliquem o fen\u00f3meno de neuroplasticidade a longo-prazo, ou seja, a compreens\u00e3o do modo como o c\u00e9rebro se transforma e adapta a longo prazo, e para a aplica\u00e7\u00e3o de terapias baseadas nestes modelos&#8221;, conclui o l\u00edder do estudo, que contou ainda com a participa\u00e7\u00e3o de investigadores da Universidade do Minho, de duas universidades Chinesas e uma dos Estados Unidos da Am\u00e9rica.<\/span><\/p>\n<p align=\"justify\"><span style=\"color: #000000;\">A equipa pretende agora avan\u00e7ar com novos estudos em Portugal para explorar mais aprofundadamente a neuroplasticiadade na surdez, nomeadamente como forma de compensa\u00e7\u00e3o da modalidade sensorial afetada.<\/span><\/p>\n<p align=\"justify\"><span style=\"color: #000000;\">Fonte: <a href=\"http:\/\/lifestyle.sapo.pt\/saude\/noticias-saude\/artigos\/investigador-portugues-descobre-maior-plasticidade-cerebral-em-pessoas-surdas\">http:\/\/lifestyle.sapo.pt\/saude\/noticias<\/a><\/span><\/p>\n","protected":false},"excerpt":{"rendered":"<p>Os surdos cong\u00e9nitos apresentam uma grande neuroplasticidade (capacidade do c\u00e9rebro se modificar) de longo prazo, fazendo com que o seu c\u00f3rtex auditivo aloje propriedades visuais t\u00edpicas do c\u00f3rtex visual, revela um estudo internacional liderado pelo investigador Jorge Almeida, da Faculdade de Psicologia e de Ci\u00eancias da Educa\u00e7\u00e3o da Universidade de Coimbra (UC). Os resultados da [&hellip;]<\/p>\n","protected":false},"author":4,"featured_media":0,"comment_status":"open","ping_status":"open","sticky":false,"template":"","format":"standard","meta":{"footnotes":""},"categories":[43,48],"tags":[],"class_list":["post-2907","post","type-post","status-publish","format-standard","hentry","category-noticia","category-saude"],"_links":{"self":[{"href":"https:\/\/socepel.com.br\/index.php?rest_route=\/wp\/v2\/posts\/2907","targetHints":{"allow":["GET"]}}],"collection":[{"href":"https:\/\/socepel.com.br\/index.php?rest_route=\/wp\/v2\/posts"}],"about":[{"href":"https:\/\/socepel.com.br\/index.php?rest_route=\/wp\/v2\/types\/post"}],"author":[{"embeddable":true,"href":"https:\/\/socepel.com.br\/index.php?rest_route=\/wp\/v2\/users\/4"}],"replies":[{"embeddable":true,"href":"https:\/\/socepel.com.br\/index.php?rest_route=%2Fwp%2Fv2%2Fcomments&post=2907"}],"version-history":[{"count":1,"href":"https:\/\/socepel.com.br\/index.php?rest_route=\/wp\/v2\/posts\/2907\/revisions"}],"predecessor-version":[{"id":2909,"href":"https:\/\/socepel.com.br\/index.php?rest_route=\/wp\/v2\/posts\/2907\/revisions\/2909"}],"wp:attachment":[{"href":"https:\/\/socepel.com.br\/index.php?rest_route=%2Fwp%2Fv2%2Fmedia&parent=2907"}],"wp:term":[{"taxonomy":"category","embeddable":true,"href":"https:\/\/socepel.com.br\/index.php?rest_route=%2Fwp%2Fv2%2Fcategories&post=2907"},{"taxonomy":"post_tag","embeddable":true,"href":"https:\/\/socepel.com.br\/index.php?rest_route=%2Fwp%2Fv2%2Ftags&post=2907"}],"curies":[{"name":"wp","href":"https:\/\/api.w.org\/{rel}","templated":true}]}}