{"id":2901,"date":"2015-11-12T16:07:39","date_gmt":"2015-11-12T16:07:39","guid":{"rendered":"http:\/\/www.socepel.com.br\/wpress\/?p=2901"},"modified":"2015-11-23T16:14:34","modified_gmt":"2015-11-23T16:14:34","slug":"evaldo-lima-destaca-avancos-da-gestao-municipal-na-area-da-educacao","status":"publish","type":"post","link":"https:\/\/socepel.com.br\/?p=2901","title":{"rendered":"Evaldo Lima destaca avan\u00e7os da gest\u00e3o municipal na \u00e1rea da Educa\u00e7\u00e3o"},"content":{"rendered":"<p align=\"justify\"><span style=\"color: #000000;\">Em pronunciamento pela lideran\u00e7a do Governo, na sess\u00e3o ordin\u00e1ria da \u00faltima ter\u00e7a-feira (10\/11), o vereador Evaldo Lima (PCdoB), destacou os avan\u00e7os na \u00e1rea da Educa\u00e7\u00e3o da gest\u00e3o do prefeito Roberto Cl\u00e1udio (PDT). O parlamentar ressaltou a inaugura\u00e7\u00e3o da primeira escola bil\u00edngue de educa\u00e7\u00e3o integral, projeto de sua iniciativa, que foi aprovado na Casa.<\/span><\/p>\n<p style=\"text-align: justify;\"><span style=\"color: #000000;\"><a href=\"http:\/\/www.socepel.com.br\/wpress\/wp-content\/uploads\/2015\/11\/Noticia_20151112-1_Imagem.jpg\"><img loading=\"lazy\" decoding=\"async\" class=\"alignright size-full wp-image-2902\" src=\"http:\/\/www.socepel.com.br\/wpress\/wp-content\/uploads\/2015\/11\/Noticia_20151112-1_Imagem.jpg\" alt=\"Noticia_20151112-1_Imagem\" width=\"275\" height=\"187\" srcset=\"https:\/\/socepel.com.br\/wp-content\/uploads\/2015\/11\/Noticia_20151112-1_Imagem.jpg 275w, https:\/\/socepel.com.br\/wp-content\/uploads\/2015\/11\/Noticia_20151112-1_Imagem-190x130.jpg 190w\" sizes=\"auto, (max-width: 275px) 100vw, 275px\" \/><\/a>\u201cCompreendo pol\u00edtica como exerc\u00edcio dos interesses comuns, que deve representar a esperan\u00e7a por dias melhores, e existem algumas prioridades das quais o gestor n\u00e3o deve se afastar e uma delas \u00e9 a educa\u00e7\u00e3o\u201d, frisou. Segundo Evaldo, houve um aumento de 27% no atendimento das creches, a cidade passou a contar com 12 escolas em tempo integral e o \u00edndice de satisfa\u00e7\u00e3o que era de apenas 20 escolas passou para 74 escolas.<\/span><\/p>\n<p align=\"justify\"><span style=\"color: #000000;\">O vereador tamb\u00e9m citou a inaugura\u00e7\u00e3o da Escola Municipal Francisco Suderland Bastos Mota, o primeiro centro de ensino bil\u00edngue em tempo integral da cidade. De acordo com o vereador, o novo equipamento vai possibilitar a inser\u00e7\u00e3o social de crian\u00e7as e adolescentes com defici\u00eancia auditiva por meio de um ensino adequado e que possibilite oportunidades por interm\u00e9dio da educa\u00e7\u00e3o. \u201cN\u00f3s apresentamos o projeto tendo em vista a necessidade de um equipamento como esse\u201d, ratificou.<\/span><\/p>\n<p align=\"justify\"><span style=\"color: #000000;\">Ainda segundo Evaldo, a escolha do nome da Escola, presta homenagem ao senhor Francisco Suderland Bastos Mota, pela sua contribui\u00e7\u00e3o para a constitui\u00e7\u00e3o da L\u00edngua de Sinais brasileira como L\u00edngua dos surdos cearenses. \u201cFoi um homem que se dedicou durante muitos anos \u00e0 forma\u00e7\u00e3o lingu\u00edstica de novas gera\u00e7\u00f5es de surdos e \u00e0 organiza\u00e7\u00e3o e \u00e0 inclus\u00e3o social da Comunidade Surda no Cear\u00e1.\u201d, ressaltou.<\/span><\/p>\n<p><span style=\"color: #000000;\">Projeto de Indica\u00e7\u00e3o<\/span><\/p>\n<p align=\"justify\"><span style=\"color: #000000;\">Em pronunciamento pelo pinga-fogo, o vereador Evaldo destacou o seu projeto de indica\u00e7\u00e3o 0295\/2015, que autoriza a implanta\u00e7\u00e3o de uma Esta\u00e7\u00e3o de Bicicletas Compartilhadas no Centro Administrativo Governador Virg\u00edlio T\u00e1vora, no Bairro do Cambeba. Segundo o parlamentar, a iniciativa partiu de uma demanda da popula\u00e7\u00e3o que trabalha na \u00e1rea.<\/span><\/p>\n<p align=\"justify\"><span style=\"color: #000000;\">\u201cA cidade est\u00e1 sendo redesenhada para as bicicletas e desde a implanta\u00e7\u00e3o do sistema de bicicletas compartilhadas, diminuiu a emiss\u00e3o de toneladas de CO2. Fortaleza tem acreditado no sistema ciclovi\u00e1rio, e j\u00e1 \u00e9 uma demanda da pr\u00f3pria popula\u00e7\u00e3o.\u201d, destacou. Evaldo ainda informou que, em outubro foram implantadas oito esta\u00e7\u00f5es de bicicletas compartilhadas, e est\u00e3o previstas a instala\u00e7\u00e3o de mais oito.<\/span><\/p>\n<p><span style=\"color: #ff3333;\">Fonte: C\u00e2mara de Fortaleza<\/span><\/p>\n","protected":false},"excerpt":{"rendered":"<p>Em pronunciamento pela lideran\u00e7a do Governo, na sess\u00e3o ordin\u00e1ria da \u00faltima ter\u00e7a-feira (10\/11), o vereador Evaldo Lima (PCdoB), destacou os avan\u00e7os na \u00e1rea da Educa\u00e7\u00e3o da gest\u00e3o do prefeito Roberto Cl\u00e1udio (PDT). O parlamentar ressaltou a inaugura\u00e7\u00e3o da primeira escola bil\u00edngue de educa\u00e7\u00e3o integral, projeto de sua iniciativa, que foi aprovado na Casa. \u201cCompreendo pol\u00edtica [&hellip;]<\/p>\n","protected":false},"author":4,"featured_media":0,"comment_status":"open","ping_status":"open","sticky":false,"template":"","format":"standard","meta":{"footnotes":""},"categories":[20,23,34,35,47],"tags":[],"class_list":["post-2901","post","type-post","status-publish","format-standard","hentry","category-educacao-bilingue","category-escolas-bilingue","category-lei-libras","category-libras","category-projeto-de-lei"],"_links":{"self":[{"href":"https:\/\/socepel.com.br\/index.php?rest_route=\/wp\/v2\/posts\/2901","targetHints":{"allow":["GET"]}}],"collection":[{"href":"https:\/\/socepel.com.br\/index.php?rest_route=\/wp\/v2\/posts"}],"about":[{"href":"https:\/\/socepel.com.br\/index.php?rest_route=\/wp\/v2\/types\/post"}],"author":[{"embeddable":true,"href":"https:\/\/socepel.com.br\/index.php?rest_route=\/wp\/v2\/users\/4"}],"replies":[{"embeddable":true,"href":"https:\/\/socepel.com.br\/index.php?rest_route=%2Fwp%2Fv2%2Fcomments&post=2901"}],"version-history":[{"count":4,"href":"https:\/\/socepel.com.br\/index.php?rest_route=\/wp\/v2\/posts\/2901\/revisions"}],"predecessor-version":[{"id":2906,"href":"https:\/\/socepel.com.br\/index.php?rest_route=\/wp\/v2\/posts\/2901\/revisions\/2906"}],"wp:attachment":[{"href":"https:\/\/socepel.com.br\/index.php?rest_route=%2Fwp%2Fv2%2Fmedia&parent=2901"}],"wp:term":[{"taxonomy":"category","embeddable":true,"href":"https:\/\/socepel.com.br\/index.php?rest_route=%2Fwp%2Fv2%2Fcategories&post=2901"},{"taxonomy":"post_tag","embeddable":true,"href":"https:\/\/socepel.com.br\/index.php?rest_route=%2Fwp%2Fv2%2Ftags&post=2901"}],"curies":[{"name":"wp","href":"https:\/\/api.w.org\/{rel}","templated":true}]}}