{"id":2896,"date":"2015-11-10T00:46:52","date_gmt":"2015-11-10T00:46:52","guid":{"rendered":"http:\/\/www.socepel.com.br\/wpress\/?p=2896"},"modified":"2015-11-20T00:58:01","modified_gmt":"2015-11-20T00:58:01","slug":"goiania-tera-escola-bilingue-para-surdos-2","status":"publish","type":"post","link":"https:\/\/socepel.com.br\/?p=2896","title":{"rendered":"Goi\u00e2nia ter\u00e1 escola bil\u00edngue para surdos"},"content":{"rendered":"<p align=\"justify\"><span style=\"color: #000000;\"><a href=\"http:\/\/www.socepel.com.br\/wpress\/wp-content\/uploads\/2015\/11\/Noticia_20151110-2A_Imagem.jpg\"><img loading=\"lazy\" decoding=\"async\" class=\"alignleft size-full wp-image-2897\" src=\"http:\/\/www.socepel.com.br\/wpress\/wp-content\/uploads\/2015\/11\/Noticia_20151110-2A_Imagem.jpg\" alt=\"Noticia_20151110-2A_Imagem\" width=\"275\" height=\"206\" \/><\/a>A C\u00e2mara de Vereadores aprovou, nessa quarta-feira (30), por unanimidade, o<\/span><span style=\"color: #ff3333;\"> projeto de lei<\/span> <span style=\"color: #000000;\">que cria a escola de tempo integral com ensino em libras, em Goi\u00e2nia. A vota\u00e7\u00e3o foi acompanhada por dezenas de surdos, da Associa\u00e7\u00e3o de Surdos de Goi\u00e1s e estudantes do Centro Especial Elysio Campos, escola destinada a alunos surdos. O projeto segue agora para san\u00e7\u00e3o do prefeito Paulo Garcia.<\/span><\/p>\n<p align=\"justify\"><span style=\"color: #000000;\">Para a psic\u00f3loga educacional do Centro, Roseane Ramos, que tamb\u00e9m \u00e9 secret\u00e1ria de Igualdade Racial do Sintego, \u201ca escola bil\u00edngue para surdos ir\u00e1 proporcionar um ambiente educacional linguisticamente acolhedor, onde a l\u00edngua materna do surdo &#8211; a Libras ser\u00e1 valorizada. \u00c9 um avan\u00e7o e uma conquista importante para a Comunidade Surda de Gyn\u201d.<\/span><\/p>\n<p align=\"justify\"><span style=\"color: #000000;\">De acordo com a proposta, de autoria do vereador Carlos Soares, indicada pelo F\u00f3rum Estadual em Defesa da Escola Bil\u00edngue Libras\/Portugu\u00eas Escrito, a L\u00edngua Brasileira de Sinais dever\u00e1 ser ensinada como primeira l\u00edngua, e o portugu\u00eas escrito, como segunda, e ambas ser\u00e3o utilizadas para \u201co ensino de todas as disciplinas curriculares, em todos os n\u00edveis e modalidades da educa\u00e7\u00e3o b\u00e1sica, na rede municipal de ensino\u201d.<\/span><\/p>\n<p align=\"justify\"><span style=\"color: #000000;\"><a href=\"http:\/\/www.socepel.com.br\/wpress\/wp-content\/uploads\/2015\/11\/Noticia_20151110-2B_Imagem.jpg\"><img loading=\"lazy\" decoding=\"async\" class=\"aligncenter size-full wp-image-2898\" src=\"http:\/\/www.socepel.com.br\/wpress\/wp-content\/uploads\/2015\/11\/Noticia_20151110-2B_Imagem.jpg\" alt=\"Noticia_20151110-2B_Imagem\" width=\"550\" height=\"354\" srcset=\"https:\/\/socepel.com.br\/wp-content\/uploads\/2015\/11\/Noticia_20151110-2B_Imagem.jpg 550w, https:\/\/socepel.com.br\/wp-content\/uploads\/2015\/11\/Noticia_20151110-2B_Imagem-300x193.jpg 300w\" sizes=\"auto, (max-width: 550px) 100vw, 550px\" \/><\/a>Para o desenvolvimento dessas pol\u00edticas, o projeto estabelece como principal diretriz a garantia da cria\u00e7\u00e3o da Escola P\u00fablica Municipal Integral Bil\u00edngue Libras e Portugu\u00eas Escrito no munic\u00edpio de Goi\u00e2nia e ainda \u201co oferecimento de ensino que atenda, prioritariamente, aos alunos surdos, deficientes auditivos e filhos de pais surdos, a inclus\u00e3o, no quadro de profissionais administrativos e pedag\u00f3gicos, prioritariamente, professores surdos ou instrutores de Libras, professores bil\u00edngues em Libras e Portugu\u00eas que atuem em cada \u00e1rea espec\u00edfica do conhecimento, tradutores e int\u00e9rpretes de Libras e Portugu\u00eas, guias-int\u00e9rpretes, quando for o caso, e profissionais bil\u00edngues em Libras e Portugu\u00eas que atuem com a tecnologia de informa\u00e7\u00e3o e de comunica\u00e7\u00e3o\u201d, al\u00e9m de outras.<\/span><\/p>\n<p align=\"justify\"><span style=\"color: #000066;\"><span style=\"font-size: medium;\"><b>Goi\u00e1s<\/b><\/span><\/span><\/p>\n<p align=\"justify\"><span style=\"color: #000000;\">Projeto de Lei que cria a escola bil\u00edngue, tamb\u00e9m no \u00e2mbito estadual, tramita na Assembleia Legislativa, desde maio do ano passado e foi encaminhado para parecer da Seduce. A expectativa \u00e9 de que entre na pauta de vota\u00e7\u00e3o na pr\u00f3xima semana.<\/span><\/p>\n<p align=\"justify\">Fonte: <a href=\"http:\/\/sintego.org.br\/noticia\/4028-goiania-tera-escola-bilingue-para-surdos\" target=\"_blank\">http:\/\/sintego.org.br\/noticia\/<\/a><\/p>\n<p align=\"justify\"><span style=\"font-size: large;\"><b>Arquivos para Download<\/b><\/span><\/p>\n<p align=\"justify\"><a href=\"http:\/\/sintego.org.br\/midias\/downloads\/01102015092743.pdf\" target=\"_blank\">PL Ensino Bilingue<\/a><\/p>\n","protected":false},"excerpt":{"rendered":"<p>A C\u00e2mara de Vereadores aprovou, nessa quarta-feira (30), por unanimidade, o projeto de lei que cria a escola de tempo integral com ensino em libras, em Goi\u00e2nia. A vota\u00e7\u00e3o foi acompanhada por dezenas de surdos, da Associa\u00e7\u00e3o de Surdos de Goi\u00e1s e estudantes do Centro Especial Elysio Campos, escola destinada a alunos surdos. O projeto [&hellip;]<\/p>\n","protected":false},"author":4,"featured_media":0,"comment_status":"open","ping_status":"open","sticky":false,"template":"","format":"standard","meta":{"footnotes":""},"categories":[20,23,33,35,43],"tags":[],"class_list":["post-2896","post","type-post","status-publish","format-standard","hentry","category-educacao-bilingue","category-escolas-bilingue","category-legislacao","category-libras","category-noticia"],"_links":{"self":[{"href":"https:\/\/socepel.com.br\/index.php?rest_route=\/wp\/v2\/posts\/2896","targetHints":{"allow":["GET"]}}],"collection":[{"href":"https:\/\/socepel.com.br\/index.php?rest_route=\/wp\/v2\/posts"}],"about":[{"href":"https:\/\/socepel.com.br\/index.php?rest_route=\/wp\/v2\/types\/post"}],"author":[{"embeddable":true,"href":"https:\/\/socepel.com.br\/index.php?rest_route=\/wp\/v2\/users\/4"}],"replies":[{"embeddable":true,"href":"https:\/\/socepel.com.br\/index.php?rest_route=%2Fwp%2Fv2%2Fcomments&post=2896"}],"version-history":[{"count":1,"href":"https:\/\/socepel.com.br\/index.php?rest_route=\/wp\/v2\/posts\/2896\/revisions"}],"predecessor-version":[{"id":2899,"href":"https:\/\/socepel.com.br\/index.php?rest_route=\/wp\/v2\/posts\/2896\/revisions\/2899"}],"wp:attachment":[{"href":"https:\/\/socepel.com.br\/index.php?rest_route=%2Fwp%2Fv2%2Fmedia&parent=2896"}],"wp:term":[{"taxonomy":"category","embeddable":true,"href":"https:\/\/socepel.com.br\/index.php?rest_route=%2Fwp%2Fv2%2Fcategories&post=2896"},{"taxonomy":"post_tag","embeddable":true,"href":"https:\/\/socepel.com.br\/index.php?rest_route=%2Fwp%2Fv2%2Ftags&post=2896"}],"curies":[{"name":"wp","href":"https:\/\/api.w.org\/{rel}","templated":true}]}}