{"id":2893,"date":"2015-11-10T00:30:59","date_gmt":"2015-11-10T00:30:59","guid":{"rendered":"http:\/\/www.socepel.com.br\/wpress\/?p=2893"},"modified":"2015-11-19T00:33:36","modified_gmt":"2015-11-19T00:33:36","slug":"professores-da-rede-estadual-sao-capacitados-no-ensino-do-portugues-para-surdos","status":"publish","type":"post","link":"https:\/\/socepel.com.br\/?p=2893","title":{"rendered":"Professores da rede estadual s\u00e3o capacitados no ensino do portugu\u00eas para surdos"},"content":{"rendered":"<p align=\"justify\"><span style=\"color: #000000;\">Professores da rede estadual de ensino da Regi\u00e3o Metropolitana de Bel\u00e9m (RMB) e do interior do Estado participam, desta segunda-feira (9) at\u00e9 o pr\u00f3ximo dia 25, no hor\u00e1rio de 9h \u00e0s 18h, do curso de forma\u00e7\u00e3o continuada em ensino da l\u00edngua portuguesa, na modalidade escrita para surdos.<\/span><\/p>\n<p align=\"justify\"><span style=\"color: #000000;\">A abertura do treinamento ocorreu no Centro Integrado de Educa\u00e7\u00e3o e Cidadania (Ciic). O principal objetivo da forma\u00e7\u00e3o \u00e9 contribuir para a garantia do acesso e perman\u00eancia na escola dos alunos com defici\u00eancia, transtornos globais do desenvolvimento e com altas habilidades e superdota\u00e7\u00e3o.<\/span><\/p>\n<p align=\"justify\"><span style=\"color: #000000;\">A forma\u00e7\u00e3o busca compreender como o contexto bil\u00edngue da pessoa surda configura-se diante da coexist\u00eancia da L\u00edngua Brasileira de Sinais (Libras) e da l\u00edngua portuguesa, desenvolvendo habilidades e compet\u00eancias para uma pr\u00e1tica pedag\u00f3gica e avaliativa.<\/span><\/p>\n<p align=\"justify\"><span style=\"color: #000000;\">A aula magna teve o tema \u201cA import\u00e2ncia da L\u00edngua Brasileira de Sinais (Libras) e da l\u00edngua portuguesa como segunda l\u00edngua no processo de produ\u00e7\u00e3o e condi\u00e7\u00e3o de ensino aprendizagem da escrita \u00e0 pessoa com defici\u00eancia auditiva e surdez\u201d. O curso ser\u00e1 ministrado na Escola Estadual Deodoro de Mendon\u00e7a.<\/span><\/p>\n<p align=\"justify\">Fonte:\u00a0<a href=\"http:\/\/www.agenciapara.com.br\/nota.asp?id=19057\" target=\"_blank\">http:\/\/www.agenciapara.com.br\/<\/a>210<\/p>\n","protected":false},"excerpt":{"rendered":"<p>Professores da rede estadual de ensino da Regi\u00e3o Metropolitana de Bel\u00e9m (RMB) e do interior do Estado participam, desta segunda-feira (9) at\u00e9 o pr\u00f3ximo dia 25, no hor\u00e1rio de 9h \u00e0s 18h, do curso de forma\u00e7\u00e3o continuada em ensino da l\u00edngua portuguesa, na modalidade escrita para surdos. A abertura do treinamento ocorreu no Centro Integrado [&hellip;]<\/p>\n","protected":false},"author":4,"featured_media":0,"comment_status":"open","ping_status":"open","sticky":false,"template":"","format":"standard","meta":{"footnotes":""},"categories":[20,35,43],"tags":[],"class_list":["post-2893","post","type-post","status-publish","format-standard","hentry","category-educacao-bilingue","category-libras","category-noticia"],"_links":{"self":[{"href":"https:\/\/socepel.com.br\/index.php?rest_route=\/wp\/v2\/posts\/2893","targetHints":{"allow":["GET"]}}],"collection":[{"href":"https:\/\/socepel.com.br\/index.php?rest_route=\/wp\/v2\/posts"}],"about":[{"href":"https:\/\/socepel.com.br\/index.php?rest_route=\/wp\/v2\/types\/post"}],"author":[{"embeddable":true,"href":"https:\/\/socepel.com.br\/index.php?rest_route=\/wp\/v2\/users\/4"}],"replies":[{"embeddable":true,"href":"https:\/\/socepel.com.br\/index.php?rest_route=%2Fwp%2Fv2%2Fcomments&post=2893"}],"version-history":[{"count":1,"href":"https:\/\/socepel.com.br\/index.php?rest_route=\/wp\/v2\/posts\/2893\/revisions"}],"predecessor-version":[{"id":2894,"href":"https:\/\/socepel.com.br\/index.php?rest_route=\/wp\/v2\/posts\/2893\/revisions\/2894"}],"wp:attachment":[{"href":"https:\/\/socepel.com.br\/index.php?rest_route=%2Fwp%2Fv2%2Fmedia&parent=2893"}],"wp:term":[{"taxonomy":"category","embeddable":true,"href":"https:\/\/socepel.com.br\/index.php?rest_route=%2Fwp%2Fv2%2Fcategories&post=2893"},{"taxonomy":"post_tag","embeddable":true,"href":"https:\/\/socepel.com.br\/index.php?rest_route=%2Fwp%2Fv2%2Ftags&post=2893"}],"curies":[{"name":"wp","href":"https:\/\/api.w.org\/{rel}","templated":true}]}}