{"id":2890,"date":"2015-11-19T00:04:24","date_gmt":"2015-11-19T00:04:24","guid":{"rendered":"http:\/\/www.socepel.com.br\/wpress\/?p=2890"},"modified":"2015-11-19T00:04:24","modified_gmt":"2015-11-19T00:04:24","slug":"proposta-para-utilizacao-da-lingua-brasileira-de-sinais-e-apresentada-ao-deputado-afonso-hamm","status":"publish","type":"post","link":"https:\/\/socepel.com.br\/?p=2890","title":{"rendered":"Proposta para utiliza\u00e7\u00e3o da L\u00edngua Brasileira de Sinais \u00e9 apresentada ao deputado Afonso Hamm"},"content":{"rendered":"<p class=\"western\" align=\"justify\"><span style=\"color: #000000;\"><a href=\"http:\/\/www.socepel.com.br\/wpress\/wp-content\/uploads\/2015\/11\/Noticia_20151108-1_Imagem.jpg\"><img loading=\"lazy\" decoding=\"async\" class=\"alignleft size-full wp-image-2891\" src=\"http:\/\/www.socepel.com.br\/wpress\/wp-content\/uploads\/2015\/11\/Noticia_20151108-1_Imagem.jpg\" alt=\"Noticia_20151108-1_Imagem\" width=\"300\" height=\"170\" srcset=\"https:\/\/socepel.com.br\/wp-content\/uploads\/2015\/11\/Noticia_20151108-1_Imagem.jpg 300w, https:\/\/socepel.com.br\/wp-content\/uploads\/2015\/11\/Noticia_20151108-1_Imagem-70x40.jpg 70w\" sizes=\"auto, (max-width: 300px) 100vw, 300px\" \/><\/a>08Durante roteiro no munic\u00edpio de Erechim, o deputado federal Afonso Hamm (PP-RS) esteve reunido com o senhor Nadir Pereira da Silva, lutador pelas causas dos deficientes auditivos (surdos).<\/span><\/p>\n<p class=\"western\" align=\"justify\"><span style=\"color: #000000;\">Na oportunidade, foi apresentada uma proposta de projeto para que os concursos p\u00fablicos sejam realizados com a utiliza\u00e7\u00e3o da L\u00edngua Brasileira de Sinais (Libras).<\/span><\/p>\n<p class=\"western\" align=\"justify\"><span style=\"color: #000000;\">Hamm destacou a import\u00e2ncia dessa proposta e enfatiza que no Congresso Nacional tem defendido a\u00e7\u00f5es para beneficiar as pessoas com defici\u00eancias.<\/span><\/p>\n<p class=\"western\" align=\"justify\"><span style=\"color: #000000;\">O parlamentar estava acompanhado do presidente do Partido Progressista do munic\u00edpio, Jos\u00e9 Montovani; da Secret\u00e1ria da Ind\u00fastria, Com\u00e9rcio e Servi\u00e7os de Aratiba, In\u00eas Assen; do assessor Beto Bording, que tamb\u00e9m representa o munic\u00edpio de Jacutinga.<\/span><\/p>\n<p class=\"western\"><span style=\"color: #000000;\">Fonte: <a href=\"http:\/\/www.afonsohamm.com.br\/noticia.aspx?noticiaID=5444\" target=\"_blank\">http:\/\/www.afonsohamm.com.br\/noticia<\/a><\/span><\/p>\n","protected":false},"excerpt":{"rendered":"<p>08Durante roteiro no munic\u00edpio de Erechim, o deputado federal Afonso Hamm (PP-RS) esteve reunido com o senhor Nadir Pereira da Silva, lutador pelas causas dos deficientes auditivos (surdos). Na oportunidade, foi apresentada uma proposta de projeto para que os concursos p\u00fablicos sejam realizados com a utiliza\u00e7\u00e3o da L\u00edngua Brasileira de Sinais (Libras). Hamm destacou a [&hellip;]<\/p>\n","protected":false},"author":4,"featured_media":0,"comment_status":"open","ping_status":"open","sticky":false,"template":"","format":"standard","meta":{"footnotes":""},"categories":[43],"tags":[],"class_list":["post-2890","post","type-post","status-publish","format-standard","hentry","category-noticia"],"_links":{"self":[{"href":"https:\/\/socepel.com.br\/index.php?rest_route=\/wp\/v2\/posts\/2890","targetHints":{"allow":["GET"]}}],"collection":[{"href":"https:\/\/socepel.com.br\/index.php?rest_route=\/wp\/v2\/posts"}],"about":[{"href":"https:\/\/socepel.com.br\/index.php?rest_route=\/wp\/v2\/types\/post"}],"author":[{"embeddable":true,"href":"https:\/\/socepel.com.br\/index.php?rest_route=\/wp\/v2\/users\/4"}],"replies":[{"embeddable":true,"href":"https:\/\/socepel.com.br\/index.php?rest_route=%2Fwp%2Fv2%2Fcomments&post=2890"}],"version-history":[{"count":1,"href":"https:\/\/socepel.com.br\/index.php?rest_route=\/wp\/v2\/posts\/2890\/revisions"}],"predecessor-version":[{"id":2892,"href":"https:\/\/socepel.com.br\/index.php?rest_route=\/wp\/v2\/posts\/2890\/revisions\/2892"}],"wp:attachment":[{"href":"https:\/\/socepel.com.br\/index.php?rest_route=%2Fwp%2Fv2%2Fmedia&parent=2890"}],"wp:term":[{"taxonomy":"category","embeddable":true,"href":"https:\/\/socepel.com.br\/index.php?rest_route=%2Fwp%2Fv2%2Fcategories&post=2890"},{"taxonomy":"post_tag","embeddable":true,"href":"https:\/\/socepel.com.br\/index.php?rest_route=%2Fwp%2Fv2%2Ftags&post=2890"}],"curies":[{"name":"wp","href":"https:\/\/api.w.org\/{rel}","templated":true}]}}