{"id":2887,"date":"2015-11-13T22:58:40","date_gmt":"2015-11-13T22:58:40","guid":{"rendered":"http:\/\/www.socepel.com.br\/wpress\/?p=2887"},"modified":"2015-11-15T23:06:09","modified_gmt":"2015-11-15T23:06:09","slug":"comissao-aprova-isencao-de-tributos-na-compra-de-proteses-por-pessoas-com-deficiencia","status":"publish","type":"post","link":"https:\/\/socepel.com.br\/?p=2887","title":{"rendered":"Comiss\u00e3o aprova isen\u00e7\u00e3o de tributos na compra de pr\u00f3teses por pessoas com defici\u00eancia"},"content":{"rendered":"<p align=\"justify\"><span style=\"color: #000000;\">A Comiss\u00e3o de Defesa dos Direitos das Pessoas com Defici\u00eancia aprovou proposta que isenta as pessoas com defici\u00eancia f\u00edsica, auditiva ou visual de pagar o Imposto sobre Produtos Industrializados<\/span> <span style=\"color: #000066;\">(IPI)<\/span> <span style=\"color: #000000;\">e o Imposto de Importa\u00e7\u00e3o (II) na compra de \u00f3rteses e pr\u00f3teses. No caso do II, o benef\u00edcio s\u00f3 valer\u00e1 se n\u00e3o houver produtos similares fabricados no Brasil.<\/span><\/p>\n<p align=\"justify\"><span style=\"color: #000000;\">Conforme o Projeto de Lei<span style=\"color: #000080;\"> 2339\/15<\/span>, do deputado Marcelo Squassoni (PRB-SP), a isen\u00e7\u00e3o ser\u00e1 concedida diretamente ao benefici\u00e1rio ou a seu representante legal. Ainda conforme o texto, as despesas decorrentes da medida correr\u00e3o \u00e0 conta de dota\u00e7\u00f5es consignadas no or\u00e7amento da Uni\u00e3o. Se virar lei, a nova regra dever\u00e1 ser regulamentada pelo Poder Executivo em 180 dias.<\/span><\/p>\n<p align=\"justify\"><span style=\"color: #000000;\"><a href=\"http:\/\/www.socepel.com.br\/wpress\/wp-content\/uploads\/2015\/11\/Noticia_20151106-1_Imagem.jpg\"><img loading=\"lazy\" decoding=\"async\" class=\"alignright size-full wp-image-2888\" src=\"http:\/\/www.socepel.com.br\/wpress\/wp-content\/uploads\/2015\/11\/Noticia_20151106-1_Imagem.jpg\" alt=\"Noticia_20151106-1_Imagem\" width=\"275\" height=\"238\" \/><\/a>O relator na comiss\u00e3o, deputado Paulo Foletto (PSB-ES), recomendou a aprova\u00e7\u00e3o da mat\u00e9ria. Apesar de lembrar que hoje a al\u00edquota de IPI \u00e9 zero na compra de \u00f3rteses e pr\u00f3teses, ele disse que a medida \u00e9 v\u00e1lida.<\/span><\/p>\n<p align=\"justify\"><span style=\"color: #000000;\">\u201cNo caso das \u00f3rteses e pr\u00f3teses, atualmente a al\u00edquota de IPI \u00e9 zero, e a do Imposto de Importa\u00e7\u00e3o \u00e9 de 4%. Quanto ao IPI, a isen\u00e7\u00e3o n\u00e3o faria hoje diferen\u00e7a no pre\u00e7o, mas impediria que, em algum momento no futuro, o governo federal aplicasse alguma al\u00edquota que o aumentasse. No caso do II, a isen\u00e7\u00e3o do pagamento pode, sim, representar uma redu\u00e7\u00e3o sens\u00edvel no pre\u00e7o final desde j\u00e1\u201d, avaliou Foletto.<\/span><\/p>\n<p align=\"justify\"><span style=\"color: #000000;\">Ele observou ainda que h\u00e1, no texto, algumas imprecis\u00f5es tribut\u00e1rias, mas que dever\u00e3o ser corrigidas pela Comiss\u00e3o de Finan\u00e7as e Tributa\u00e7\u00e3o.<\/span><\/p>\n<p align=\"justify\"><span style=\"color: #000080;\">Tramita\u00e7\u00e3o<\/span><\/p>\n<p align=\"justify\"><span style=\"color: #000000;\">O projeto tramita em<\/span> <span style=\"color: #000080;\">car\u00e1ter conclusivo<\/span> <span style=\"color: #000000;\">e ser\u00e1 analisado ainda pelas comiss\u00f5es de Finan\u00e7as e Tributa\u00e7\u00e3o (inclusive quanto ao m\u00e9rito); e de Constitui\u00e7\u00e3o e Justi\u00e7a e Cidadania.<\/span><\/p>\n<p align=\"justify\"><span style=\"color: #000066;\"><span style=\"color: #000080;\">\u00cdNTEGRA DA PROPOSTA<\/span>:<\/span><\/p>\n<p align=\"justify\"><span style=\"color: #000000;\">PL-2339\/2015<\/span><\/p>\n<p align=\"justify\"><span style=\"color: #000000;\">Reportagem \u2013 No\u00e9li Nobre<\/span><\/p>\n<p align=\"justify\"><span style=\"color: #000000;\">Edi\u00e7\u00e3o \u2013 Marcelo Oliveira<\/span><\/p>\n<p align=\"justify\"><span style=\"color: #000000;\">Fonte:<a href=\"http:\/\/www2.camara.leg.br\/camaranoticias\/noticias\/DIREITOS-HUMANOS\/499985-COMISSAO-APROVA-ISENCAO-DE-TRIBUTOS-NA-COMPRA-DE-PROTESES-POR-PESSOAS-COM-DEFICIENCIA.html\" target=\"_blank\">http:\/\/www2.camara.leg.br\/camaranoticias\/<\/a>13<\/span><\/p>\n","protected":false},"excerpt":{"rendered":"<p>A Comiss\u00e3o de Defesa dos Direitos das Pessoas com Defici\u00eancia aprovou proposta que isenta as pessoas com defici\u00eancia f\u00edsica, auditiva ou visual de pagar o Imposto sobre Produtos Industrializados (IPI) e o Imposto de Importa\u00e7\u00e3o (II) na compra de \u00f3rteses e pr\u00f3teses. No caso do II, o benef\u00edcio s\u00f3 valer\u00e1 se n\u00e3o houver produtos similares [&hellip;]<\/p>\n","protected":false},"author":4,"featured_media":0,"comment_status":"open","ping_status":"open","sticky":false,"template":"","format":"standard","meta":{"footnotes":""},"categories":[35,47],"tags":[],"class_list":["post-2887","post","type-post","status-publish","format-standard","hentry","category-libras","category-projeto-de-lei"],"_links":{"self":[{"href":"https:\/\/socepel.com.br\/index.php?rest_route=\/wp\/v2\/posts\/2887","targetHints":{"allow":["GET"]}}],"collection":[{"href":"https:\/\/socepel.com.br\/index.php?rest_route=\/wp\/v2\/posts"}],"about":[{"href":"https:\/\/socepel.com.br\/index.php?rest_route=\/wp\/v2\/types\/post"}],"author":[{"embeddable":true,"href":"https:\/\/socepel.com.br\/index.php?rest_route=\/wp\/v2\/users\/4"}],"replies":[{"embeddable":true,"href":"https:\/\/socepel.com.br\/index.php?rest_route=%2Fwp%2Fv2%2Fcomments&post=2887"}],"version-history":[{"count":1,"href":"https:\/\/socepel.com.br\/index.php?rest_route=\/wp\/v2\/posts\/2887\/revisions"}],"predecessor-version":[{"id":2889,"href":"https:\/\/socepel.com.br\/index.php?rest_route=\/wp\/v2\/posts\/2887\/revisions\/2889"}],"wp:attachment":[{"href":"https:\/\/socepel.com.br\/index.php?rest_route=%2Fwp%2Fv2%2Fmedia&parent=2887"}],"wp:term":[{"taxonomy":"category","embeddable":true,"href":"https:\/\/socepel.com.br\/index.php?rest_route=%2Fwp%2Fv2%2Fcategories&post=2887"},{"taxonomy":"post_tag","embeddable":true,"href":"https:\/\/socepel.com.br\/index.php?rest_route=%2Fwp%2Fv2%2Ftags&post=2887"}],"curies":[{"name":"wp","href":"https:\/\/api.w.org\/{rel}","templated":true}]}}