{"id":2547,"date":"2015-07-17T23:46:56","date_gmt":"2015-07-17T23:46:56","guid":{"rendered":"http:\/\/www.socepel.com.br\/wpress\/?p=2547"},"modified":"2015-07-18T23:53:42","modified_gmt":"2015-07-18T23:53:42","slug":"maes-de-criancas-com-sindrome-de-down-contam-suas-historias","status":"publish","type":"post","link":"https:\/\/socepel.com.br\/?p=2547","title":{"rendered":"M\u00e3es de crian\u00e7as com S\u00edndrome de Down contam suas hist\u00f3rias"},"content":{"rendered":"<p align=\"JUSTIFY\">\n<p align=\"JUSTIFY\"><span style=\"color: #000099;\"><span style=\"font-size: large;\">Em &#8216;Profiss\u00e3o : M\u00e3e Cuidadora&#8217;, Maracilene Ramos Teixeira compartilha n\u00e3o apenas a sua hist\u00f3ria, mas a de muitas outras m\u00e3es<\/span><\/span><\/p>\n<p align=\"JUSTIFY\"><span style=\"color: #000000;\"><a href=\"http:\/\/www.socepel.com.br\/wpress\/wp-content\/uploads\/2015\/07\/Noticia_20150717-1_Imagem.jpg\"><img loading=\"lazy\" decoding=\"async\" class=\"aligncenter size-full wp-image-2548\" src=\"http:\/\/www.socepel.com.br\/wpress\/wp-content\/uploads\/2015\/07\/Noticia_20150717-1_Imagem.jpg\" alt=\"Noticia_20150717-1_Imagem\" width=\"550\" height=\"414\" srcset=\"https:\/\/socepel.com.br\/wp-content\/uploads\/2015\/07\/Noticia_20150717-1_Imagem.jpg 550w, https:\/\/socepel.com.br\/wp-content\/uploads\/2015\/07\/Noticia_20150717-1_Imagem-300x226.jpg 300w\" sizes=\"auto, (max-width: 550px) 100vw, 550px\" \/><\/a>Com a sensibilidade de quem \u00e9 m\u00e3e de uma jovem com S\u00edndrome de Down, Maracilene Ramos Teixeira decidiu compartilhar publicamente n\u00e3o apenas a sua hist\u00f3ria, mas a de muitas outras m\u00e3es que t\u00eam o privil\u00e9gio (sim, \u00e9 isso mesmo&#8230;) de trazer ao mundo essas pessoas que nascem com um cromossomo a mais. No livro \u2018Profiss\u00e3o : M\u00e3e Cuidadora\u2019, lan\u00e7ado recentemente pela Editora Divas, Maracilene relata hist\u00f3rias reais, trazendo para perto de n\u00f3s o dia a dia das crian\u00e7as e suas m\u00e3es, jogando por terra tabus, preconceitos e mitos a cerca do universo das pessoas com Down.<\/span><\/p>\n<p align=\"JUSTIFY\"><span style=\"color: #000000;\">Amor, medo, solid\u00e3o, incompreens\u00e3o, alegrias, surpresas&#8230; s\u00e3o os ingredientes &#8211; entre outros &#8211; principais das hist\u00f3rias contadas por Maracilene. Nada muito diferente do que as hist\u00f3rias de qualquer m\u00e3e. Mas, no caso das crian\u00e7as com Down, h\u00e1 que se ter uma pitada a mais, j\u00e1 que a sociedade n\u00e3o est\u00e1 preparada para conviver com as diferen\u00e7as. Essas m\u00e3es, al\u00e9m de, na maioria das vezes, n\u00e3o poderem contar com a ajuda ou a compreens\u00e3o dos que as rodeiam, ainda precisam proteger suas crias dos preconceito ainda reinante (infelizmente!) em nossa sociedade.<\/span><\/p>\n<p align=\"JUSTIFY\"><span style=\"color: #000000;\">E assim, chego na afirma\u00e7\u00e3o que fiz acima, de que, ser m\u00e3e de uma crian\u00e7a com Down (ou com qualquer outra caracter\u00edstica diversa) \u00e9 um privil\u00e9gio. Para aquelas que n\u00e3o desistiram, n\u00e3o se acovardaram, est\u00e3o reservadas muitas surpresas e um mundo novo a descobrir. De novo, digo que n\u00e3o \u00e9 nada muito diferente da experi\u00eancia de qualquer outra m\u00e3e, n\u00e3o fosse o fato de nossa sociedade n\u00e3o estar preparada para receber essas crian\u00e7as com um cromossomo a mais. O que vemos \u00e9 um descr\u00e9dito, r\u00f3tulos e aus\u00eancia de boas expectativas diante dessas crian\u00e7as, o que torna a experi\u00eancia da maternidade um desafio maior e, por muitas vezes, um ato absolutamente solit\u00e1rio.<\/span><\/p>\n<p align=\"JUSTIFY\"><span style=\"color: #000000;\">Mas, a partir do lan\u00e7amento do livro \u2018Profiss\u00e3o : M\u00e3e Cuidadora\u2019, Maracilene traz um alento a essas mulheres corajosas e privilegiadas, mostrando que elas n\u00e3o est\u00e3o sozinhas.<\/span><\/p>\n<p align=\"JUSTIFY\"><span style=\"color: #000000;\">Fonte:<span style=\"font-size: small;\"><a href=\"http:\/\/correio.rac.com.br\/_conteudo\/2015\/07\/blogs\/to_dentro\/300760-maes-de-criancas-com-sindrome-de-down-contam-suas-historias.html\" target=\"_blank\">http:\/\/correio.rac.com.br\/<\/a><\/span><\/span><\/p>\n","protected":false},"excerpt":{"rendered":"<p>Em &#8216;Profiss\u00e3o : M\u00e3e Cuidadora&#8217;, Maracilene Ramos Teixeira compartilha n\u00e3o apenas a sua hist\u00f3ria, mas a de muitas outras m\u00e3es Com a sensibilidade de quem \u00e9 m\u00e3e de uma jovem com S\u00edndrome de Down, Maracilene Ramos Teixeira decidiu compartilhar publicamente n\u00e3o apenas a sua hist\u00f3ria, mas a de muitas outras m\u00e3es que t\u00eam o privil\u00e9gio [&hellip;]<\/p>\n","protected":false},"author":4,"featured_media":0,"comment_status":"open","ping_status":"open","sticky":false,"template":"","format":"standard","meta":{"footnotes":""},"categories":[18,37,44],"tags":[],"class_list":["post-2547","post","type-post","status-publish","format-standard","hentry","category-down","category-livros","category-palestra"],"_links":{"self":[{"href":"https:\/\/socepel.com.br\/index.php?rest_route=\/wp\/v2\/posts\/2547","targetHints":{"allow":["GET"]}}],"collection":[{"href":"https:\/\/socepel.com.br\/index.php?rest_route=\/wp\/v2\/posts"}],"about":[{"href":"https:\/\/socepel.com.br\/index.php?rest_route=\/wp\/v2\/types\/post"}],"author":[{"embeddable":true,"href":"https:\/\/socepel.com.br\/index.php?rest_route=\/wp\/v2\/users\/4"}],"replies":[{"embeddable":true,"href":"https:\/\/socepel.com.br\/index.php?rest_route=%2Fwp%2Fv2%2Fcomments&post=2547"}],"version-history":[{"count":2,"href":"https:\/\/socepel.com.br\/index.php?rest_route=\/wp\/v2\/posts\/2547\/revisions"}],"predecessor-version":[{"id":2550,"href":"https:\/\/socepel.com.br\/index.php?rest_route=\/wp\/v2\/posts\/2547\/revisions\/2550"}],"wp:attachment":[{"href":"https:\/\/socepel.com.br\/index.php?rest_route=%2Fwp%2Fv2%2Fmedia&parent=2547"}],"wp:term":[{"taxonomy":"category","embeddable":true,"href":"https:\/\/socepel.com.br\/index.php?rest_route=%2Fwp%2Fv2%2Fcategories&post=2547"},{"taxonomy":"post_tag","embeddable":true,"href":"https:\/\/socepel.com.br\/index.php?rest_route=%2Fwp%2Fv2%2Ftags&post=2547"}],"curies":[{"name":"wp","href":"https:\/\/api.w.org\/{rel}","templated":true}]}}