{"id":2219,"date":"2015-06-04T23:01:45","date_gmt":"2015-06-04T23:01:45","guid":{"rendered":"http:\/\/www.socepel.com.br\/wpress\/?p=2219"},"modified":"2015-06-04T23:02:23","modified_gmt":"2015-06-04T23:02:23","slug":"dancarino-surdo-faz-apresentacao-para-mulheres-da-alfabetizacao","status":"publish","type":"post","link":"https:\/\/socepel.com.br\/?p=2219","title":{"rendered":"Dan\u00e7arino surdo faz apresenta\u00e7\u00e3o para mulheres da alfabetiza\u00e7\u00e3o"},"content":{"rendered":"<p class=\"western\" align=\"justify\"><span style=\"color: #000000;\"><span style=\"font-family: 'Times New Roman', serif;\"><span style=\"font-size: medium;\"><a href=\"http:\/\/www.socepel.com.br\/wpress\/wp-content\/uploads\/2015\/06\/Noticia_20150604-3_Imagem.jpg\"><img loading=\"lazy\" decoding=\"async\" class=\"alignright size-full wp-image-2220\" src=\"http:\/\/www.socepel.com.br\/wpress\/wp-content\/uploads\/2015\/06\/Noticia_20150604-3_Imagem.jpg\" alt=\"Noticia_20150604-3_Imagem\" width=\"275\" height=\"410\" srcset=\"https:\/\/socepel.com.br\/wp-content\/uploads\/2015\/06\/Noticia_20150604-3_Imagem.jpg 275w, https:\/\/socepel.com.br\/wp-content\/uploads\/2015\/06\/Noticia_20150604-3_Imagem-201x300.jpg 201w\" sizes=\"auto, (max-width: 275px) 100vw, 275px\" \/><\/a><\/span><\/span><\/span><\/p>\n<p class=\"western\" align=\"justify\"><span style=\"color: #000000;\"><span style=\"font-family: 'Times New Roman', serif;\"><span style=\"font-size: medium;\">O dan\u00e7arino surdo Fl\u00e1vio Vin\u00edcios dos Santos realizou nesta quarta-feira, 3 de junho, um show de dan\u00e7a para as alunas do \u201cCurso de Alfabetiza\u00e7\u00e3o e Letramento: emancipa\u00e7\u00e3o feminina\u201d do Campus Taguatinga Centro. Ele se apresentou ao som de Michael Jackson e, mesmo sem ouvir, teve sincronia perfeita entre seus movimentos e a m\u00fasica, arrancando aplausos das estudantes.<\/span><\/span><\/span><\/p>\n<p class=\"western\" align=\"justify\"><span style=\"color: #000000;\"><span style=\"font-family: 'Times New Roman', serif;\"><span style=\"font-size: medium;\">Fl\u00e1vio \u00e9 da cidade de Porteirinha, Minas Gerais, e veio a Bras\u00edlia com mais tr\u00eas colegas para conhecer a Escola Bil\u00edngue de Taguatinga e outros projetos na \u00e1rea de educa\u00e7\u00e3o para surdos. Ele comp\u00f5e um grupo de moradores daquela regi\u00e3o mineira que trabalha pela implanta\u00e7\u00e3o de uma escola que atenda aos estudantes surdos de Porteirinha.<\/span><\/span><\/span><\/p>\n<p class=\"western\" align=\"justify\"><span style=\"color: #000000;\"><span style=\"font-family: 'Times New Roman', serif;\"><span style=\"font-size: medium;\">A visita do dan\u00e7arino ao IFB ocorreu pois o int\u00e9rprete de L\u00edngua Brasileira de Sinais (Libras) do Campus Taguatinga Centro, Ma\u00edlson Matos Marques, faz parte da equipe de volunt\u00e1rios que atua em Porteirinha junto \u00e0 comunidade surda.<\/span><\/span><\/span><\/p>\n<p class=\"western\"><strong><span style=\"color: #000000;\"><span style=\"font-family: 'Times New Roman', serif;\"><span style=\"font-size: medium;\"><b>Aprendizado<\/b><\/span><\/span><\/span><\/strong><\/p>\n<p class=\"western\" align=\"justify\"><span style=\"color: #000000;\"><span style=\"font-family: 'Times New Roman', serif;\"><span style=\"font-size: medium;\">Para dan\u00e7ar sem ouvir, Fl\u00e1vio sente as vibra\u00e7\u00f5es sonoras. Ele conta que come\u00e7ou a praticar a arte quando tinha 13 anos de idade e o primeiro contato com a m\u00fasica foi por meio de um DVD, de Michael Jackson, que ganhou de presente. Para conseguir captar as ondas sonoras e fazer os movimentos do cantor americano, o dan\u00e7arino precisa colocar o som em um volume alto e com graves fortes.<\/span><\/span><\/span><\/p>\n<p class=\"western\" align=\"justify\"><span style=\"color: #000000;\"><span style=\"font-family: 'Times New Roman', serif;\"><span style=\"font-size: medium;\">As alunas do IFB se mostraram encantadas com a apresenta\u00e7\u00e3o. Depois da dan\u00e7a, muitas foram fazer fotos com Fl\u00e1vio e tentar entender como ele conseguia fazer os movimentos de acordo com a andamento da m\u00fasica mesmo sem ouvir. Ele conta que tem em seu repert\u00f3rio quatro m\u00fasicas do cantor americano e pratica a dan\u00e7a h\u00e1 sete anos.<\/span><\/span><\/span><\/p>\n<p class=\"western\">Fonte:<a href=\"http:\/\/www.ifb.edu.br\/taguatingacentro\/noticiastagcentro\/9274-dancarino-surdo-faz-apresentacao-para-mulheres-da-alfabetizacao\" target=\"_blank\">http:\/\/www.ifb.edu.br\/<\/a><\/p>\n","protected":false},"excerpt":{"rendered":"<p>O dan\u00e7arino surdo Fl\u00e1vio Vin\u00edcios dos Santos realizou nesta quarta-feira, 3 de junho, um show de dan\u00e7a para as alunas do \u201cCurso de Alfabetiza\u00e7\u00e3o e Letramento: emancipa\u00e7\u00e3o feminina\u201d do Campus Taguatinga Centro. Ele se apresentou ao som de Michael Jackson e, mesmo sem ouvir, teve sincronia perfeita entre seus movimentos e a m\u00fasica, arrancando aplausos [&hellip;]<\/p>\n","protected":false},"author":4,"featured_media":0,"comment_status":"open","ping_status":"open","sticky":false,"template":"","format":"standard","meta":{"footnotes":""},"categories":[19,23,35,43],"tags":[],"class_list":["post-2219","post","type-post","status-publish","format-standard","hentry","category-educacao","category-escolas-bilingue","category-libras","category-noticia"],"_links":{"self":[{"href":"https:\/\/socepel.com.br\/index.php?rest_route=\/wp\/v2\/posts\/2219","targetHints":{"allow":["GET"]}}],"collection":[{"href":"https:\/\/socepel.com.br\/index.php?rest_route=\/wp\/v2\/posts"}],"about":[{"href":"https:\/\/socepel.com.br\/index.php?rest_route=\/wp\/v2\/types\/post"}],"author":[{"embeddable":true,"href":"https:\/\/socepel.com.br\/index.php?rest_route=\/wp\/v2\/users\/4"}],"replies":[{"embeddable":true,"href":"https:\/\/socepel.com.br\/index.php?rest_route=%2Fwp%2Fv2%2Fcomments&post=2219"}],"version-history":[{"count":2,"href":"https:\/\/socepel.com.br\/index.php?rest_route=\/wp\/v2\/posts\/2219\/revisions"}],"predecessor-version":[{"id":2222,"href":"https:\/\/socepel.com.br\/index.php?rest_route=\/wp\/v2\/posts\/2219\/revisions\/2222"}],"wp:attachment":[{"href":"https:\/\/socepel.com.br\/index.php?rest_route=%2Fwp%2Fv2%2Fmedia&parent=2219"}],"wp:term":[{"taxonomy":"category","embeddable":true,"href":"https:\/\/socepel.com.br\/index.php?rest_route=%2Fwp%2Fv2%2Fcategories&post=2219"},{"taxonomy":"post_tag","embeddable":true,"href":"https:\/\/socepel.com.br\/index.php?rest_route=%2Fwp%2Fv2%2Ftags&post=2219"}],"curies":[{"name":"wp","href":"https:\/\/api.w.org\/{rel}","templated":true}]}}