{"id":2216,"date":"2015-06-04T22:22:06","date_gmt":"2015-06-04T22:22:06","guid":{"rendered":"http:\/\/www.socepel.com.br\/wpress\/?p=2216"},"modified":"2015-06-04T22:22:44","modified_gmt":"2015-06-04T22:22:44","slug":"cresce-a-importancia-dos-interpretes-da-lingua-de-sinais","status":"publish","type":"post","link":"https:\/\/socepel.com.br\/?p=2216","title":{"rendered":"Cresce a import\u00e2ncia dos int\u00e9rpretes da l\u00edngua de sinais"},"content":{"rendered":"<p class=\"western\">\n<p class=\"western\"><span style=\"color: #000000;\"><span style=\"font-size: medium;\">O \u00faltimo Exame Nacional do Ensino M\u00e9dio (Enem), feito no ano passado, recebeu a inscri\u00e7\u00e3o de 8.799 deficientes auditivos, segundo dados do Minist\u00e9rio da Educa\u00e7\u00e3o (MEC).\u00a0 Em 2013, foram 4.660. O aumento detectado revela a import\u00e2ncia de profissionais com conhecimento na L\u00edngua Brasileira de Sinais (Libras) para ajudar na inclus\u00e3o social dessas pessoas.<\/span><\/span><\/p>\n<p class=\"western\"><span style=\"color: #000000;\"><span style=\"font-size: medium;\">Segundo Luiz Mateus da Silva Souza, docente da \u00e1rea de idiomas e linguagem do Senac Bauru, este profissional ainda faz falta no mercado. \u201cH\u00e1 poucos anos que temos cursos de forma\u00e7\u00e3o oferecidos regionalmente. Antes, para se especializar era preciso buscar outras regi\u00f5es e at\u00e9 mesmo outros estados\u201d, pontua o docente como uma das causas dessa escassez.\u00a0\u00a0<\/span><\/span><\/p>\n<p class=\"western\"><span style=\"color: #000000;\"><span style=\"font-size: medium;\">De acordo com ele, ainda \u00e9 dif\u00edcil transpor a barreira da linguagem. \u201cAs pessoas com defici\u00eancia auditiva precisam de acompanhantes para muitas atividades do cotidiano, como uma ida ao banco, pois as pessoas n\u00e3o est\u00e3o preparadas para atend\u00ea-los\u201d, conta.<\/span><\/span><\/p>\n<p class=\"western\"><span style=\"color: #000000;\"><span style=\"font-size: medium;\">Sem isso, acabam se relacionando apenas entre eles e seus familiares. \u201cEm Bauru, por exemplo, segundo o \u00faltimo censo do IBGE (Instituto Brasileiro de Geografia e Estat\u00edstica), de 2010, existem cerca de 14 mil deficientes auditivos. Apesar do n\u00famero, ainda existem muitos ambientes que n\u00e3o est\u00e3o preparados para receber este p\u00fablico\u201d, afirma o docente.<\/span><\/span><\/p>\n<p class=\"western\"><span style=\"color: #000000;\"><span style=\"font-size: medium;\">Com o objetivo de capacitar profissionais para atender esse p\u00fablico e contribuir para a inclus\u00e3o social, o Senac Bauru est\u00e1 com vagas abertas para tr\u00eas cursos. O primeiro, L\u00edngua Brasileira de Sinais 1, tem in\u00edcio em 8 de junho. Na sequ\u00eancia ser\u00e3o oferecidos os m\u00f3dulos 2 e 3. Os cursos s\u00e3o voltados aos profissionais que lidam com deficientes auditivos, bem como para familiares e os pr\u00f3prios deficientes.<\/span><\/span><\/p>\n<p class=\"western\"><span style=\"color: #000000;\"><span style=\"font-size: medium;\">Os interessados devem se inscrever pelo site www.sp.senac.br\/bauru. Mais informa\u00e7\u00f5es podem ser obtidas pelo telefone (14) 3321-3199 ou diretamente no Senac Bauru, na avenida Na\u00e7\u00f5es Unidas, 10-22.<\/span><\/span><\/p>\n<p class=\"western\"><span style=\"color: #000000;\"><span style=\"font-size: medium;\">Hist\u00f3rico<\/span><\/span><\/p>\n<p class=\"western\"><span style=\"color: #000000;\"><span style=\"font-size: medium;\">A primeira institui\u00e7\u00e3o para deficientes auditivos do Brasil, o Imperial Instituto de Surdos Mudos &#8211; hoje, Instituto Nacional de Educa\u00e7\u00e3o de Surdos -, foi criado por D. Pedro II em 1856.<\/span><\/span><\/p>\n<p class=\"western\"><span style=\"color: #000000;\"><span style=\"font-size: medium;\">No entanto, somente h\u00e1 13 anos, em 2002, foi promulgada a Lei de Libras no pa\u00eds. Ela instituiu uma linguagem de sinais padr\u00e3o, al\u00e9m de tornar obrigat\u00f3rio que reparti\u00e7\u00f5es e servi\u00e7os p\u00fablicos e privados, como escola e hospitais, tenham um int\u00e9rprete de Libras para atender deficientes auditivos.<\/span><\/span><\/p>\n<p class=\"western\"><span style=\"color: #000000;\"><span style=\"font-size: medium;\">Segundo o \u00faltimo censo do IBGE, de 2010, cerca de nove milh\u00f5es de pessoas possuem algum tipo de defici\u00eancia auditiva no pa\u00eds, cerca de 5,2% da popula\u00e7\u00e3o brasileira.<\/span><\/span><\/p>\n<p class=\"western\"><strong><span style=\"color: #000000;\"><span style=\"font-size: medium;\">Servi\u00e7o<\/span><\/span><\/strong><\/p>\n<p class=\"western\"><span style=\"color: #000000;\"><span style=\"font-size: medium;\">L\u00edngua Brasileira de Sinais 1<\/span><\/span><\/p>\n<p class=\"western\"><span style=\"color: #000000;\"><span style=\"font-size: medium;\">Data: 8\/6 a 14\/9<\/span><\/span><\/p>\n<p class=\"western\"><span style=\"color: #000000;\"><span style=\"font-size: medium;\">Hor\u00e1rio: \u00e0s segundas-feiras, das 19h30 \u00e0s 22h3<\/span><\/span><\/p>\n<p class=\"western\"><span style=\"color: #000000;\"><span style=\"font-size: medium;\">Dura\u00e7\u00e3o: 40 horas<\/span><\/span><\/p>\n<p class=\"western\"><span style=\"color: #000000;\"><span style=\"font-size: medium;\">Informa\u00e7\u00f5es: Senac Bauru. Endere\u00e7o: Avenida Na\u00e7\u00f5es Unidas, 10-22, Centro. Telefone: (14) 3321-3199. E-mail: bauru@sp.senac.br<\/span><\/span><\/p>\n<p class=\"western\">Fonte:\u00a0<a href=\"http:\/\/www.jcnet.com.br\/Geral\/2015\/06\/cresce-a-importancia-dos-interpretes-da-lingua-de-sinais.html\" target=\"_blank\">http:\/\/www.jcnet.com.br<\/a><\/p>\n","protected":false},"excerpt":{"rendered":"<p>O \u00faltimo Exame Nacional do Ensino M\u00e9dio (Enem), feito no ano passado, recebeu a inscri\u00e7\u00e3o de 8.799 deficientes auditivos, segundo dados do Minist\u00e9rio da Educa\u00e7\u00e3o (MEC).\u00a0 Em 2013, foram 4.660. O aumento detectado revela a import\u00e2ncia de profissionais com conhecimento na L\u00edngua Brasileira de Sinais (Libras) para ajudar na inclus\u00e3o social dessas pessoas. Segundo Luiz [&hellip;]<\/p>\n","protected":false},"author":4,"featured_media":0,"comment_status":"open","ping_status":"open","sticky":false,"template":"","format":"standard","meta":{"footnotes":""},"categories":[19,35,43],"tags":[],"class_list":["post-2216","post","type-post","status-publish","format-standard","hentry","category-educacao","category-libras","category-noticia"],"_links":{"self":[{"href":"https:\/\/socepel.com.br\/index.php?rest_route=\/wp\/v2\/posts\/2216","targetHints":{"allow":["GET"]}}],"collection":[{"href":"https:\/\/socepel.com.br\/index.php?rest_route=\/wp\/v2\/posts"}],"about":[{"href":"https:\/\/socepel.com.br\/index.php?rest_route=\/wp\/v2\/types\/post"}],"author":[{"embeddable":true,"href":"https:\/\/socepel.com.br\/index.php?rest_route=\/wp\/v2\/users\/4"}],"replies":[{"embeddable":true,"href":"https:\/\/socepel.com.br\/index.php?rest_route=%2Fwp%2Fv2%2Fcomments&post=2216"}],"version-history":[{"count":2,"href":"https:\/\/socepel.com.br\/index.php?rest_route=\/wp\/v2\/posts\/2216\/revisions"}],"predecessor-version":[{"id":2218,"href":"https:\/\/socepel.com.br\/index.php?rest_route=\/wp\/v2\/posts\/2216\/revisions\/2218"}],"wp:attachment":[{"href":"https:\/\/socepel.com.br\/index.php?rest_route=%2Fwp%2Fv2%2Fmedia&parent=2216"}],"wp:term":[{"taxonomy":"category","embeddable":true,"href":"https:\/\/socepel.com.br\/index.php?rest_route=%2Fwp%2Fv2%2Fcategories&post=2216"},{"taxonomy":"post_tag","embeddable":true,"href":"https:\/\/socepel.com.br\/index.php?rest_route=%2Fwp%2Fv2%2Ftags&post=2216"}],"curies":[{"name":"wp","href":"https:\/\/api.w.org\/{rel}","templated":true}]}}