{"id":2105,"date":"2015-05-07T01:26:00","date_gmt":"2015-05-07T01:26:00","guid":{"rendered":"http:\/\/www.socepel.com.br\/wpress\/?p=2105"},"modified":"2015-05-08T01:29:45","modified_gmt":"2015-05-08T01:29:45","slug":"sindrome-de-down-especialistas-discutem-autonomia-dos-portadores","status":"publish","type":"post","link":"https:\/\/socepel.com.br\/?p=2105","title":{"rendered":"S\u00edndrome de Down: especialistas discutem autonomia dos portadores"},"content":{"rendered":"<h2 class=\"western\" align=\"LEFT\"><span style=\"color: #000099;\"><span style=\"font-family: 'Times New Roman', serif;\"><span style=\"font-size: large;\">Pais e familiares podem participar do ciclo de palestras, que est\u00e1 com inscri\u00e7\u00f5es abertas<\/span><\/span><\/span><\/h2>\n<p class=\"western\"><span style=\"color: #000000;\"><span style=\"font-family: Georgia, sans-serif;\"><span style=\"font-size: medium;\"><a href=\"http:\/\/www.socepel.com.br\/wpress\/wp-content\/uploads\/2015\/05\/Noticia_20150507-2_Imagem.jpg\"><img loading=\"lazy\" decoding=\"async\" class=\"aligncenter size-full wp-image-2106\" src=\"http:\/\/www.socepel.com.br\/wpress\/wp-content\/uploads\/2015\/05\/Noticia_20150507-2_Imagem.jpg\" alt=\"Noticia_20150507-2_Imagem\" width=\"600\" height=\"558\" srcset=\"https:\/\/socepel.com.br\/wp-content\/uploads\/2015\/05\/Noticia_20150507-2_Imagem.jpg 600w, https:\/\/socepel.com.br\/wp-content\/uploads\/2015\/05\/Noticia_20150507-2_Imagem-300x279.jpg 300w\" sizes=\"auto, (max-width: 600px) 100vw, 600px\" \/><\/a>Ainda d\u00e1 tempo de participar do\u00a0<\/span><\/span><\/span><strong><span style=\"color: #000000;\"><span style=\"font-family: Georgia, sans-serif;\"><span style=\"font-size: medium;\"><b>4\u00ba F\u00f3rum Internacional S\u00edndrome de Down<\/b><\/span><\/span><\/span><\/strong><span style=\"color: #000000;\"><span style=\"font-family: Georgia, sans-serif;\"><span style=\"font-size: medium;\">, que acontecer\u00e1 na Unicamp, na cidade de Campinas, entre os dias 20 e 23 de maio. As inscri\u00e7\u00f5es ficar\u00e3o abertas at\u00e9 o dia 13 e devem ser feitas pela internet.<\/span><\/span><\/span><\/p>\n<p class=\"western\"><span style=\"color: #000000;\"><span style=\"font-family: Georgia, sans-serif;\"><span style=\"font-size: medium;\">O evento, organizado pela\u00a0<\/span><\/span><\/span><span style=\"color: #000080;\"><span lang=\"zxx\"><u><a href=\"http:\/\/www.fsdown.org.br\/\"><span style=\"color: #f2343a;\"><span style=\"font-family: georgia, serif;\"><span style=\"font-size: medium;\">Funda\u00e7\u00e3o S\u00edndrome de Down<\/span><\/span><\/span><\/a><\/u><\/span><\/span><span style=\"color: #000000;\"><span style=\"font-family: Georgia, sans-serif;\"><span style=\"font-size: medium;\">, contar\u00e1 com a presen\u00e7a de renomados especialistas em altera\u00e7\u00f5es gen\u00e9ticas, brasileiros e estrangeiros. Dentre eles, Alfredo Jerusalinsky, doutor em educa\u00e7\u00e3o e desenvolvimento humano da Universidade de S\u00e3o Paulo (USP), o pedagogo italiano Carlo Lepri, a conselheira gen\u00e9tica Catriona Hippman, da Universidade de Columbia Brit\u00e2nica (Canad\u00e1) membros da Funda\u00e7\u00e3o Catalana de Barcelona, e outros.<\/span><\/span><\/span><\/p>\n<p class=\"western\"><span style=\"color: #000000;\"><span style=\"font-family: Georgia, sans-serif;\"><span style=\"font-size: medium;\">O tema do f\u00f3rum ser\u00e1 \u201c<\/span><\/span><\/span><em><span style=\"color: #000000;\"><span style=\"font-family: Georgia, sans-serif;\"><span style=\"font-size: medium;\"><i>A cada passo me preparo para minha vida<\/i><\/span><\/span><\/span><\/em><span style=\"color: #000000;\">\u201d<\/span><span style=\"color: #000000;\"><span style=\"font-family: Georgia, sans-serif;\"><span style=\"font-size: medium;\">. As palestras ser\u00e3o focadas no\u00a0<\/span><\/span><\/span><strong><span style=\"color: #000000;\"><span style=\"font-family: Georgia, sans-serif;\"><span style=\"font-size: medium;\"><b>desenvolvimento da autonomia dos portadores da s\u00edndrome<\/b><\/span><\/span><\/span><\/strong><span style=\"color: #000000;\">\u00a0<\/span><span style=\"color: #000000;\"><span style=\"font-family: Georgia, sans-serif;\"><span style=\"font-size: medium;\">e a ideia \u00e9 discutir modos de conquistar uma vida plena e independente, de acordo com suas potencialidades. O evento se destina a psic\u00f3logos, m\u00e9dicos, terapeutas, fisioterapeutas, fonoaudi\u00f3logos, educadores\u00a0 e tamb\u00e9m a pais e familiares de pessoas com defici\u00eancia.<\/span><\/span><\/span><\/p>\n<p class=\"western\"><span style=\"color: #000000;\"><span style=\"font-family: Georgia, sans-serif;\"><span style=\"font-size: medium;\">Confira a programa\u00e7\u00e3o completa no\u00a0<\/span><\/span><\/span><span style=\"color: #000080;\"><span lang=\"zxx\"><u><a href=\"http:\/\/www.fsdown.org.br\/\"><span style=\"color: #f2343a;\"><span style=\"font-family: georgia, serif;\"><span style=\"font-size: medium;\">site da Funda\u00e7\u00e3o S\u00edndrome de Down<\/span><\/span><\/span><\/a><\/u><\/span><\/span><span style=\"color: #000000;\"><span style=\"font-family: Georgia, sans-serif;\"><span style=\"font-size: medium;\">.<\/span><\/span><\/span><\/p>\n<p class=\"western\"><strong><span style=\"color: #000000;\"><span style=\"font-family: Georgia, sans-serif;\"><span style=\"font-size: medium;\"><b>Servi\u00e7o<br \/>\nCentro de Conven\u00e7\u00f5es da Unicamp<\/b><\/span><\/span><\/span><\/strong><br \/>\n<span style=\"color: #000000;\"><span style=\"font-family: Georgia, sans-serif;\"><span style=\"font-size: medium;\">Rua Elis Regina, 131 \u2013 Unicamp \u2013 Bar\u00e3o Geraldo\/ Campinas (SP)<\/span><\/span><\/span><br \/>\n<span style=\"color: #000000;\"><span style=\"font-family: Georgia, sans-serif;\"><span style=\"font-size: medium;\">De 20 a 23 de maio<\/span><\/span><\/span><br \/>\n<span style=\"color: #000000;\"><span style=\"font-family: Georgia, sans-serif;\"><span style=\"font-size: medium;\">Inscri\u00e7\u00f5es: R$ 250<\/span><\/span><\/span><\/p>\n<p class=\"western\">Fonte<a href=\"http:\/\/:http:\/\/revistacrescer.globo.com\/Voce-precisa-saber\/noticia\/2015\/05\/sindrome-de-down-especialistas-discutem-autonomia-dos-portadores.html\" target=\"_blank\">:<span style=\"font-size: small;\">http:\/\/revistacrescer.globo.com\/Voce-precisa-saber\/noticia\/2015\/05\/sindrome-de-down-especialistas-discutem-autonomia-dos-portadores.html<\/span><\/a><\/p>\n","protected":false},"excerpt":{"rendered":"<p>Pais e familiares podem participar do ciclo de palestras, que est\u00e1 com inscri\u00e7\u00f5es abertas Ainda d\u00e1 tempo de participar do\u00a04\u00ba F\u00f3rum Internacional S\u00edndrome de Down, que acontecer\u00e1 na Unicamp, na cidade de Campinas, entre os dias 20 e 23 de maio. As inscri\u00e7\u00f5es ficar\u00e3o abertas at\u00e9 o dia 13 e devem ser feitas pela internet. [&hellip;]<\/p>\n","protected":false},"author":4,"featured_media":0,"comment_status":"open","ping_status":"open","sticky":false,"template":"","format":"standard","meta":{"footnotes":""},"categories":[18,48],"tags":[],"class_list":["post-2105","post","type-post","status-publish","format-standard","hentry","category-down","category-saude"],"_links":{"self":[{"href":"https:\/\/socepel.com.br\/index.php?rest_route=\/wp\/v2\/posts\/2105","targetHints":{"allow":["GET"]}}],"collection":[{"href":"https:\/\/socepel.com.br\/index.php?rest_route=\/wp\/v2\/posts"}],"about":[{"href":"https:\/\/socepel.com.br\/index.php?rest_route=\/wp\/v2\/types\/post"}],"author":[{"embeddable":true,"href":"https:\/\/socepel.com.br\/index.php?rest_route=\/wp\/v2\/users\/4"}],"replies":[{"embeddable":true,"href":"https:\/\/socepel.com.br\/index.php?rest_route=%2Fwp%2Fv2%2Fcomments&post=2105"}],"version-history":[{"count":1,"href":"https:\/\/socepel.com.br\/index.php?rest_route=\/wp\/v2\/posts\/2105\/revisions"}],"predecessor-version":[{"id":2107,"href":"https:\/\/socepel.com.br\/index.php?rest_route=\/wp\/v2\/posts\/2105\/revisions\/2107"}],"wp:attachment":[{"href":"https:\/\/socepel.com.br\/index.php?rest_route=%2Fwp%2Fv2%2Fmedia&parent=2105"}],"wp:term":[{"taxonomy":"category","embeddable":true,"href":"https:\/\/socepel.com.br\/index.php?rest_route=%2Fwp%2Fv2%2Fcategories&post=2105"},{"taxonomy":"post_tag","embeddable":true,"href":"https:\/\/socepel.com.br\/index.php?rest_route=%2Fwp%2Fv2%2Ftags&post=2105"}],"curies":[{"name":"wp","href":"https:\/\/api.w.org\/{rel}","templated":true}]}}