{"id":1690,"date":"2015-01-22T01:52:49","date_gmt":"2015-01-22T01:52:49","guid":{"rendered":"http:\/\/www.socepel.com.br\/wpress\/?p=1690"},"modified":"2015-01-22T01:52:49","modified_gmt":"2015-01-22T01:52:49","slug":"cartorio-se-nega-a-registrar-filha-de-pais-surdos-denuncia-pedagoga","status":"publish","type":"post","link":"https:\/\/socepel.com.br\/?p=1690","title":{"rendered":"Cart\u00f3rio se nega a registrar filha de pais surdos, denuncia pedagoga"},"content":{"rendered":"<h3>&#8220;N\u00e3o foi outra coisa que n\u00e3o preconceito&#8221;, diz av\u00f3 da crian\u00e7a<\/h3>\n<p><span style=\"color: #000000;\"><a href=\"http:\/\/www.socepel.com.br\/wpress\/wp-content\/uploads\/2015\/01\/Noticia_20150122B_Imagem.jpg\"><img loading=\"lazy\" decoding=\"async\" class=\"alignleft size-full wp-image-1691\" src=\"http:\/\/www.socepel.com.br\/wpress\/wp-content\/uploads\/2015\/01\/Noticia_20150122B_Imagem.jpg\" alt=\"Noticia_20150122B_Imagem\" width=\"300\" height=\"310\" srcset=\"https:\/\/socepel.com.br\/wp-content\/uploads\/2015\/01\/Noticia_20150122B_Imagem.jpg 300w, https:\/\/socepel.com.br\/wp-content\/uploads\/2015\/01\/Noticia_20150122B_Imagem-290x300.jpg 290w\" sizes=\"auto, (max-width: 300px) 100vw, 300px\" \/><\/a>Preconceito. Assim a pedagoga Th\u00e2mara Lima Brand\u00e3o Carna\u00faba Lira define a recusa do cart\u00f3rio do 5\u00ba Distrito em registrar a sua neta. Segundo ela, a crian\u00e7a, filha de um casal de surdos, n\u00e3o pode ser registrada no local devido \u00e0 defici\u00eancia auditiva dos pais.<\/span><\/p>\n<p><span style=\"color: #000000;\">\u201cNo dia 02 de janeiro procurei o Cart\u00f3rio do 5\u00ba Distrito, localizado no Tabuleiro, o mais pr\u00f3ximo a minha resid\u00eancia, para registrar a minha neta. A crian\u00e7a \u00e9 filha da minha filha, que \u00e9 casada com um rapaz tamb\u00e9m surdo. Fomos eu, o casal e a menina, mas fomos informados que o registro n\u00e3o seria confeccionado\u201d, relatou a pedagoga \u00e0 reportagem do CadaMinuto.<\/span><\/p>\n<p><span style=\"color: #000000;\">Thamara contou tamb\u00e9m que dois funcion\u00e1rios do cart\u00f3rio informaram que o que impedia a emiss\u00e3o da certid\u00e3o de nascimento da crian\u00e7a, registrada posteriormente com o nome de Mariana Lima Brand\u00e3o Carna\u00faba Lira, era o fato de os pais serem deficientes auditivos. A av\u00f3 do beb\u00ea questionou com base em qu\u00ea, a solicita\u00e7\u00e3o havia sido negada. Ela indagou tamb\u00e9m se havia alguma lei que impede que pais surdos registrem os filhos.<\/span><\/p>\n<p><span style=\"color: #000000;\">Todos os documentos para que o beb\u00ea fosse registrado foram apresentados ao cart\u00f3rio, de acordo com Thamara. Segundo ela, a declara\u00e7\u00e3o do hospital onde Mariana nasceu, a certid\u00e3o do casamento de sua filha Manuela Lima Brand\u00e3o Carna\u00faba Lira com William Lira dos Santos e as certid\u00f5es de nascimento dos pais da crian\u00e7a foram levados, mas nada foi considerado pelo cart\u00f3rio.<\/span><\/p>\n<p><span style=\"color: #000000;\">\u201cNo cart\u00f3rio do 5\u00ba Distrito me disseram que apenas no 1\u00ba Distrito poderiam fazer isso. N\u00e3o entendi o porqu\u00ea disso. Procurei o 5\u00ba Distrito porque \u00e9 o mais perto de onde eu moro\u201d, afirmou Thamara.<\/span><\/p>\n<p><span style=\"color: #000000;\">A pedagoga procurou ent\u00e3o o 1\u00ba Distrito, onde conseguiu registrar a neta. No local, segundo ela, n\u00e3o havia int\u00e9pretes para a L\u00edngua Brasileira de Sinais (Libras), mas mesmo assim n\u00e3o houve impedimento para a confec\u00e7\u00e3o do registro de Mariana.<\/span><\/p>\n<p><span style=\"color: #000000;\">\u201cA \u00fanica coisa que me perguntaram foi a profiss\u00e3o dos pais da crian\u00e7a, apenas isso. N\u00e3o tive problemas l\u00e1\u201d, desabafou Thamara.<\/span><\/p>\n<p><span style=\"color: #000000;\">A\u00e7\u00e3o<\/span><\/p>\n<p><span style=\"color: #000000;\">Devido ao constrangimento que passou e para alertar outras fam\u00edlias com pessoas com defici\u00eancia, Thamara disse que ir\u00e1 acionar o cart\u00f3rio ma Justi\u00e7a. Ela refor\u00e7a que foi v\u00edtima de preconceito e espera que sejam tomadas provid\u00eancias.<\/span><\/p>\n<p><span style=\"color: #000000;\">\u201cN\u00e3o foi outra coisa que n\u00e3o preconceito. Irei, o mais breve poss\u00edvel, procurar a Justi\u00e7a para mover um processo. Naquela regi\u00e3o do Tabuleiro, existem muitos surdos. Imagino que isso possa ter acontecido com outras pessoas, que se calaram diante do fato. O registro \u00e9 um direito de todo cidad\u00e3o. Eu me sinto na obriga\u00e7\u00e3o de seguir com isso, porque foi um absurdo o que aconteceu com minha fam\u00edlia\u201d, finalizou a pedagoga.<\/span><\/p>\n<p><span style=\"color: #000000;\">O CadaMinuto conseguiu contato com o cart\u00f3rio, ap\u00f3s quatro dias de tentativa. A respons\u00e1vel informou que n\u00e3o tinha disponibilidade para conversar com a reportagem at\u00e9 a publica\u00e7\u00e3o da mat\u00e9ria.<\/span><\/p>\n<p>Fonte:<a href=\"http:\/\/cadaminuto.com.br\/noticia\/262623\/2015\/01\/18\/cartorio-se-nega-a-registrar-filha-de-pais-surdos-denuncia-pedagoga\" target=\"_blank\">http:\/\/cadaminuto.com.br\/noticia\/262623\/2015\/01\/18\/cartorio-se-nega-a-registrar-filha-de-pais-surdos-denuncia-pedagoga<\/a><\/p>\n","protected":false},"excerpt":{"rendered":"<p>&#8220;N\u00e3o foi outra coisa que n\u00e3o preconceito&#8221;, diz av\u00f3 da crian\u00e7a Preconceito. Assim a pedagoga Th\u00e2mara Lima Brand\u00e3o Carna\u00faba Lira define a recusa do cart\u00f3rio do 5\u00ba Distrito em registrar a sua neta. Segundo ela, a crian\u00e7a, filha de um casal de surdos, n\u00e3o pode ser registrada no local devido \u00e0 defici\u00eancia auditiva dos pais. [&hellip;]<\/p>\n","protected":false},"author":4,"featured_media":0,"comment_status":"open","ping_status":"open","sticky":false,"template":"","format":"standard","meta":{"footnotes":""},"categories":[43],"tags":[],"class_list":["post-1690","post","type-post","status-publish","format-standard","hentry","category-noticia"],"_links":{"self":[{"href":"https:\/\/socepel.com.br\/index.php?rest_route=\/wp\/v2\/posts\/1690","targetHints":{"allow":["GET"]}}],"collection":[{"href":"https:\/\/socepel.com.br\/index.php?rest_route=\/wp\/v2\/posts"}],"about":[{"href":"https:\/\/socepel.com.br\/index.php?rest_route=\/wp\/v2\/types\/post"}],"author":[{"embeddable":true,"href":"https:\/\/socepel.com.br\/index.php?rest_route=\/wp\/v2\/users\/4"}],"replies":[{"embeddable":true,"href":"https:\/\/socepel.com.br\/index.php?rest_route=%2Fwp%2Fv2%2Fcomments&post=1690"}],"version-history":[{"count":1,"href":"https:\/\/socepel.com.br\/index.php?rest_route=\/wp\/v2\/posts\/1690\/revisions"}],"predecessor-version":[{"id":1692,"href":"https:\/\/socepel.com.br\/index.php?rest_route=\/wp\/v2\/posts\/1690\/revisions\/1692"}],"wp:attachment":[{"href":"https:\/\/socepel.com.br\/index.php?rest_route=%2Fwp%2Fv2%2Fmedia&parent=1690"}],"wp:term":[{"taxonomy":"category","embeddable":true,"href":"https:\/\/socepel.com.br\/index.php?rest_route=%2Fwp%2Fv2%2Fcategories&post=1690"},{"taxonomy":"post_tag","embeddable":true,"href":"https:\/\/socepel.com.br\/index.php?rest_route=%2Fwp%2Fv2%2Ftags&post=1690"}],"curies":[{"name":"wp","href":"https:\/\/api.w.org\/{rel}","templated":true}]}}