{"id":1685,"date":"2015-01-21T00:48:11","date_gmt":"2015-01-21T00:48:11","guid":{"rendered":"http:\/\/www.socepel.com.br\/wpress\/?p=1685"},"modified":"2015-01-22T00:52:29","modified_gmt":"2015-01-22T00:52:29","slug":"historia-da-educacao-de-surdos-legendado-parte-01","status":"publish","type":"post","link":"https:\/\/socepel.com.br\/?p=1685","title":{"rendered":"Hist\u00f3ria da Educa\u00e7\u00e3o de Surdos Legendado Parte 01"},"content":{"rendered":"<p><iframe loading=\"lazy\" src=\"\/\/www.youtube.com\/embed\/-t1eSGB6usE\" width=\"560\" height=\"315\" frameborder=\"0\" allowfullscreen=\"allowfullscreen\"><\/iframe><\/p>\n<p><span style=\"color: #000000;\">Hist\u00f3ria da educa\u00e7\u00e3o de surdos legendado parte 02 &#8211; you., Curso: portugu\u00eas para surdo ii professora: andr\u00e9ia bessa http:\/\/cascursolibrasgoias.blo..c. Hist\u00f3ria da educa\u00e7\u00e3o de surdos &#8211; you., Hist\u00f3ria da educa\u00e7\u00e3o de surdos &#8211; you youhome. Charles libras: hist\u00f3ria da educa\u00e7\u00e3o de surdos no, 1855 \u2013 primeira iniciativa de educa\u00e7\u00e3o de surdos quando o professor franc\u00eas surdo ernest huet, a convite de d. pedro ii, veio ao brasil e preparou um.<\/span><\/p>\n<p><span style=\"color: #000000;\">O guia da cidade &#8211; videos &#8211; surdos videos, Page: 1 of 3863. surdos. display: ver lista | ver grid.<\/span><\/p>\n<p><span style=\"color: #000000;\">Pne: plano nacional de educa\u00e7\u00e3o | nova escola, Pne: plano nacional de educa\u00e7\u00e3o saiba como o pne 2011-2020 pode contribuir para mudar a qualidade da educa\u00e7\u00e3o no brasil e o seu dia a dia profissional.. Meu cantinho especial: preparando um plano de auladatas, Penso que tudo que serve para nos aprimorar e nos fazer crescer como profissionais de educa\u00e7\u00e3o e acima de tudo como seres humanos, deve ser compartilhado..<\/span><\/p>\n<p><span style=\"color: #000000;\">Tudo sobre tudo, &#8221;com o tempo voc\u00ea aprende que, ou voc\u00ea controla seus atos ou eles o controlar\u00e3o, e que ser flex\u00edvel n\u00e3o significa ser fraco ou n\u00e3o ter personalidade, pois n\u00e3o.<\/span><\/p>\n<p><span style=\"color: #000000;\">Ade-arte, Esta \u00e9 a mais famosa pintura de vincent van gogh, tamb\u00e9m considerada por muitos especialistas como um dos mais importantes trabalhos de arte produzidos no s\u00e9culo xix.. Tv escola :: principal, A tv escola \u00e9 o cda educa\u00e7\u00e3o. \u00c9 a televis\u00e3o p\u00fablica do minist\u00e9rio da educa\u00e7\u00e3o destinada aos professores e educadores brasileiros, aos alunos e a todos.<\/span><\/p>\n<p><span style=\"color: #000000;\">Ig &#8211; not\u00edcias, v\u00eddeos, famosos, esportes, bate papo, Os mel.s v\u00eddeos da internet e as \u00faltimas not\u00edcias do brasil e do mundo. leia tamb\u00e9m sobre moda, games, cultura, economia, turismo, sa\u00fade e mais no ig..<\/span><\/p>\n<p><span style=\"color: #000000;\">Fonte: <a style=\"color: #000000;\" href=\"http:\/\/videotip.net\/post\/historia-da-educacao-de-surdos-legendado-parte-01\" target=\"_blank\">http:\/\/videotip.net\/post\/historia-da-educacao-de-surdos-legendado-parte-01<\/a><\/span><\/p>\n","protected":false},"excerpt":{"rendered":"<p>Hist\u00f3ria da educa\u00e7\u00e3o de surdos legendado parte 02 &#8211; you., Curso: portugu\u00eas para surdo ii professora: andr\u00e9ia bessa http:\/\/cascursolibrasgoias.blo..c. Hist\u00f3ria da educa\u00e7\u00e3o de surdos &#8211; you., Hist\u00f3ria da educa\u00e7\u00e3o de surdos &#8211; you youhome. Charles libras: hist\u00f3ria da educa\u00e7\u00e3o de surdos no, 1855 \u2013 primeira iniciativa de educa\u00e7\u00e3o de surdos quando o professor franc\u00eas surdo [&hellip;]<\/p>\n","protected":false},"author":4,"featured_media":0,"comment_status":"open","ping_status":"open","sticky":false,"template":"","format":"standard","meta":{"footnotes":""},"categories":[19,26,43],"tags":[],"class_list":["post-1685","post","type-post","status-publish","format-standard","hentry","category-educacao","category-filmes","category-noticia"],"_links":{"self":[{"href":"https:\/\/socepel.com.br\/index.php?rest_route=\/wp\/v2\/posts\/1685","targetHints":{"allow":["GET"]}}],"collection":[{"href":"https:\/\/socepel.com.br\/index.php?rest_route=\/wp\/v2\/posts"}],"about":[{"href":"https:\/\/socepel.com.br\/index.php?rest_route=\/wp\/v2\/types\/post"}],"author":[{"embeddable":true,"href":"https:\/\/socepel.com.br\/index.php?rest_route=\/wp\/v2\/users\/4"}],"replies":[{"embeddable":true,"href":"https:\/\/socepel.com.br\/index.php?rest_route=%2Fwp%2Fv2%2Fcomments&post=1685"}],"version-history":[{"count":1,"href":"https:\/\/socepel.com.br\/index.php?rest_route=\/wp\/v2\/posts\/1685\/revisions"}],"predecessor-version":[{"id":1686,"href":"https:\/\/socepel.com.br\/index.php?rest_route=\/wp\/v2\/posts\/1685\/revisions\/1686"}],"wp:attachment":[{"href":"https:\/\/socepel.com.br\/index.php?rest_route=%2Fwp%2Fv2%2Fmedia&parent=1685"}],"wp:term":[{"taxonomy":"category","embeddable":true,"href":"https:\/\/socepel.com.br\/index.php?rest_route=%2Fwp%2Fv2%2Fcategories&post=1685"},{"taxonomy":"post_tag","embeddable":true,"href":"https:\/\/socepel.com.br\/index.php?rest_route=%2Fwp%2Fv2%2Ftags&post=1685"}],"curies":[{"name":"wp","href":"https:\/\/api.w.org\/{rel}","templated":true}]}}