{"id":1680,"date":"2015-01-21T00:14:51","date_gmt":"2015-01-21T00:14:51","guid":{"rendered":"http:\/\/www.socepel.com.br\/wpress\/?p=1680"},"modified":"2020-03-01T01:29:34","modified_gmt":"2020-03-01T01:29:34","slug":"inscricoes-para-o-primeiro-vestibular-do-curso-de-letras-libras-comecam-em-breve","status":"publish","type":"post","link":"https:\/\/socepel.com.br\/?p=1680","title":{"rendered":"Inscri\u00e7\u00f5es para o primeiro Vestibular do Curso de Letras-Libras come\u00e7am em breve"},"content":{"rendered":"<p><span style=\"color: #000000;\"><a href=\"http:\/\/www.socepel.com.br\/wpress\/wp-content\/uploads\/2015\/01\/Noticia_20150121_Imagem.jpg\"><img loading=\"lazy\" decoding=\"async\" class=\"aligncenter size-full wp-image-1681\" src=\"http:\/\/www.socepel.com.br\/wpress\/wp-content\/uploads\/2015\/01\/Noticia_20150121_Imagem.jpg\" alt=\"Noticia_20150121_Imagem\" width=\"600\" height=\"450\" srcset=\"https:\/\/socepel.com.br\/wp-content\/uploads\/2015\/01\/Noticia_20150121_Imagem.jpg 600w, https:\/\/socepel.com.br\/wp-content\/uploads\/2015\/01\/Noticia_20150121_Imagem-300x225.jpg 300w\" sizes=\"auto, (max-width: 600px) 100vw, 600px\" \/><\/a>Come\u00e7am na pr\u00f3xima segunda-feira (26) e seguem at\u00e9 o dia 26 de fevereiro as inscri\u00e7\u00f5es para o primeiro processo seletivo do curso de licenciatura em Letras-Libras da Universidade Federal do Tocantins (UFT), C\u00e2mpus de Porto Nacional. Esta \u00e9 uma das \u00fanicas gradua\u00e7\u00f5es da universidade cujas vagas n\u00e3o s\u00e3o ofertadas ainda por meio do Sistema de Sele\u00e7\u00e3o Unificada (Sisu), e sim por vestibular realizado na pr\u00f3pria institui\u00e7\u00e3o.<\/span><\/p>\n<p><span style=\"color: #000000;\">As inscri\u00e7\u00f5es s\u00e3o gratuitas e devem ser feitas no site www.copese.uft.edu.br. Para esta primeira turma, que ingressa no primeiro semestre letivo de 2015 (previsto para come\u00e7ar no m\u00eas de maio<\/span>), <span style=\"color: #ff0000;\">s\u00e3o ofertadas 30 vagas, sendo 18 para candidatos surdos e 12 para ouvintes<\/span>. <span style=\"color: #000000;\">A distribui\u00e7\u00e3o de vagas prev\u00ea ainda reserva para ind\u00edgenas, quilombolas e estudantes que cursaram o Ensino M\u00e9dio em escolas p\u00fablicas, nos termos da Lei 12.711\/2012, que estabelece cotas para pretos, pardos, ind\u00edgenas e candidatos de baixa renda.<\/span><\/p>\n<p><span style=\"color: #000000;\">Conforme o edital n\u00ba 01\/2015, para candidatos inscritos na categoria dos surdos, a sele\u00e7\u00e3o contar\u00e1 com prova objetiva de Libras, formulada e projetada em Libras, e prova de reda\u00e7\u00e3o em L\u00edngua Portuguesa, com enunciado tamb\u00e9m projetado em Libras e corrigida considerando a rela\u00e7\u00e3o de segunda l\u00edngua que surdos brasileiros possuem com o portugu\u00eas.<\/span><\/p>\n<p><span style=\"color: #000000;\">Para candidatos inscritos na categoria ouvintes, a prova objetiva de Libras ser\u00e1 formulada e projetada em Libras, e haver\u00e1 tamb\u00e9m uma prova de reda\u00e7\u00e3o em L\u00edngua Portuguesa, considerando a rela\u00e7\u00e3o de primeira l\u00edngua destes com o idioma.<\/span><\/p>\n<p><span style=\"color: #000000;\">As provas do vestibular est\u00e3o marcadas para o dia 29 de mar\u00e7o. Mais informa\u00e7\u00f5es podem ser conferidas no edital, e outros documentos referentes ao processo seletivo no site da Copese.<\/span><\/p>\n<p><span style=\"color: #000000;\">Sobre o curso<\/span><\/p>\n<p><span style=\"color: #000000;\">A licenciatura em Letras-Libras tem como objetivo principal formar docentes para atuar no ensino da L\u00edngua Brasileira de Sinais (Libras) como primeira e segunda l\u00edngua nos n\u00edveis Fundamental II e M\u00e9dio.<\/span><\/p>\n<p><span style=\"color: #000000;\">A proposta pedag\u00f3gica do curso de Letras-Libras foi concebida como um sistema em que se articularam dimens\u00f5es da forma\u00e7\u00e3o espec\u00edfica e de car\u00e1ter global, visando \u00e0 forma\u00e7\u00e3o de profissionais para atuarem como professores de Libras como primeira e segunda l\u00edngua no Ensino Fundamental II e M\u00e9dio, bem como em cursos profissionalizantes, de Educa\u00e7\u00e3o de Jovens e Adultos (EJA) e de extens\u00e3o. Al\u00e9m disso, os formados nesta licenciatura podem\u00a0 atuar no mercado de trabalho como produtores de textos de diferentes g\u00eaneros e registros lingu\u00edsticos, fomentando dessa forma o desenvolvimento de habilidades lingu\u00edsticas, culturais e est\u00e9ticas. Ap\u00f3s a p\u00f3s-gradua\u00e7\u00e3o, podem, tamb\u00e9m, atuar como professores no Ensino Superior.<\/span><\/p>\n<p><span style=\"color: #000000;\">O curso ser\u00e1 realizado nos turnos matutino e noturno, e tem dura\u00e7\u00e3o prevista de oito semestres.<\/span><\/p>\n<p>Fonte: <a href=\"http:\/\/portalgilbertosilva.com.br\/noticia\/8319\/inscri-es-para-o-primeiro-vestibular-do-curso-de-letras-libras-come-am-em-breve\" target=\"_blank\" rel=\"noopener noreferrer\">http:\/\/portalgilbertosilva.com.br\/noticia\/8319\/inscri-es-para-o-primeiro-vestibular-do-curso-de-letras-libras-come-am-em-breve<\/a><\/p>\n","protected":false},"excerpt":{"rendered":"<p>Come\u00e7am na pr\u00f3xima segunda-feira (26) e seguem at\u00e9 o dia 26 de fevereiro as inscri\u00e7\u00f5es para o primeiro processo seletivo do curso de licenciatura em Letras-Libras da Universidade Federal do Tocantins (UFT), C\u00e2mpus de Porto Nacional. Esta \u00e9 uma das \u00fanicas gradua\u00e7\u00f5es da universidade cujas vagas n\u00e3o s\u00e3o ofertadas ainda por meio do Sistema de [&hellip;]<\/p>\n","protected":false},"author":4,"featured_media":0,"comment_status":"open","ping_status":"open","sticky":false,"template":"","format":"standard","meta":{"footnotes":""},"categories":[19,43],"tags":[],"class_list":["post-1680","post","type-post","status-publish","format-standard","hentry","category-educacao","category-noticia"],"_links":{"self":[{"href":"https:\/\/socepel.com.br\/index.php?rest_route=\/wp\/v2\/posts\/1680","targetHints":{"allow":["GET"]}}],"collection":[{"href":"https:\/\/socepel.com.br\/index.php?rest_route=\/wp\/v2\/posts"}],"about":[{"href":"https:\/\/socepel.com.br\/index.php?rest_route=\/wp\/v2\/types\/post"}],"author":[{"embeddable":true,"href":"https:\/\/socepel.com.br\/index.php?rest_route=\/wp\/v2\/users\/4"}],"replies":[{"embeddable":true,"href":"https:\/\/socepel.com.br\/index.php?rest_route=%2Fwp%2Fv2%2Fcomments&post=1680"}],"version-history":[{"count":2,"href":"https:\/\/socepel.com.br\/index.php?rest_route=\/wp\/v2\/posts\/1680\/revisions"}],"predecessor-version":[{"id":6159,"href":"https:\/\/socepel.com.br\/index.php?rest_route=\/wp\/v2\/posts\/1680\/revisions\/6159"}],"wp:attachment":[{"href":"https:\/\/socepel.com.br\/index.php?rest_route=%2Fwp%2Fv2%2Fmedia&parent=1680"}],"wp:term":[{"taxonomy":"category","embeddable":true,"href":"https:\/\/socepel.com.br\/index.php?rest_route=%2Fwp%2Fv2%2Fcategories&post=1680"},{"taxonomy":"post_tag","embeddable":true,"href":"https:\/\/socepel.com.br\/index.php?rest_route=%2Fwp%2Fv2%2Ftags&post=1680"}],"curies":[{"name":"wp","href":"https:\/\/api.w.org\/{rel}","templated":true}]}}