{"id":1663,"date":"2015-01-16T10:06:38","date_gmt":"2015-01-16T10:06:38","guid":{"rendered":"http:\/\/www.socepel.com.br\/wpress\/?p=1663"},"modified":"2015-01-19T10:10:39","modified_gmt":"2015-01-19T10:10:39","slug":"abertas-inscricoes-para-o-camarote-da-acessibilidade-em-salgueiro-pe","status":"publish","type":"post","link":"https:\/\/socepel.com.br\/?p=1663","title":{"rendered":"Abertas inscri\u00e7\u00f5es para o Camarote da Acessibilidade em Salgueiro, PE"},"content":{"rendered":"<p><span style=\"color: #000000;\">Petrolina PE<\/span><\/p>\n<p><span style=\"color: #000000;\">\u00a0S\u00e3o 70 vagas para pessoas com defici\u00eancia maiores de cinco anos.<\/span><\/p>\n<p><span style=\"color: #000000;\"> Carnaval da cidade acontece de 14 a 17 de fevereiro<\/span><\/p>\n<p><span style=\"color: #000000;\">\u00a0Est\u00e3o abertas as inscri\u00e7\u00f5es para o Camarote da Acessibilidade do carnaval d<\/span>e\u00a0<a href=\"http:\/\/g1.globo.com\/pe\/petrolina-regiao\/cidade\/salgueiro.html\">Salgueiro<\/a>, <span style=\"color: #000000;\">no Sert\u00e3o pernambucano. S\u00e3o disponibilizadas 70 vagas para pessoas com defici\u00eancia com idade superior a cinco anos que desejam participar das festividades. O prazo de inscri\u00e7\u00e3o se estende at\u00e9 o dia 3 de fevereiro. O carnaval da cidade acontece de 14 a 17 do mesmo m\u00eas.<\/span><\/p>\n<p><span style=\"color: #000000;\">Os interessados devem preencher a inscri\u00e7\u00e3o pessoalmente na Secretaria de Desenvolvimento Social, no Centro de Refer\u00eancia Especializado de Assist\u00eancia Social (CREAS) ou nos Centros de Refer\u00eancia de Assist\u00eancia Social (CRAS) do munic\u00edpio. A inscri\u00e7\u00e3o pode ser feita pela internet. Para isso, basta imprimir e preencher a ficha dispon\u00edvel no<\/span>\u00a0<a href=\"http:\/\/www.salgueiro.pe.gov.br\/noticias_2015\/carnaval_2015_camarote_da_acessibilidade.htm\">site da prefeitura<\/a>,<span style=\"color: #000000;\"> e enviar para o e-mail: <a style=\"color: #000000;\" href=\"mailto:acaosocial@salgueiro.pe.gov.br\">acaosocial@salgueiro.pe.gov.br<\/a>.<\/span><\/p>\n<p><span style=\"color: #000000;\">Os interessados menores de 18 anos precisam ser acompanhados por um respons\u00e1vel. Os demais integrantes do camarote podem levar um acompanhante se desejarem, mas caso essa pessoa tamb\u00e9m tenha alguma defici\u00eancia, essa informa\u00e7\u00e3o deve constar na ficha de inscri\u00e7\u00e3o. No documento tamb\u00e9m \u00e9 preciso explicitar quais os dias a pessoa com defici\u00eancia pretende participar do evento.<\/span><\/p>\n<p><span style=\"color: #000000;\">O camarote est\u00e1 projetado para possuir acess\u00f3rios que possibilitem a inclus\u00e3o das pessoas com necessidades especiais, como, por exemplo, um mapa t\u00e1til do local, rampa e corrim\u00e3o de acesso, banheiros qu\u00edmicos adaptados e sinaliza\u00e7\u00e3o e programa\u00e7\u00e3o em braile. Al\u00e9m disso, dois int\u00e9rpretes de L\u00edngua Brasileira de Sinais (Libras) estar\u00e3o presentes por noite de festa.<\/span><\/p>\n<p><span style=\"color: #000000;\">O camarote de 2015 homenageia Mayara Monique, uma jovem com defici\u00eancia que morreu no ano de 2014.<\/span><\/p>\n<p><span style=\"color: #000000;\"><strong>Servi\u00e7o:<\/strong><\/span><\/p>\n<p><span style=\"color: #000000;\">\u00a0Locais das Inscri\u00e7\u00f5es:<\/span><\/p>\n<p><span style=\"color: #000000;\"> &#8211; Secretaria de Desenvolvimento Social localizado no endere\u00e7o: Pra\u00e7a Urbano de S\u00e1, n\u00ba 65, bairro Santo Ant\u00f4nio<\/span><br \/>\n<span style=\"color: #000000;\"> Fone: (87) 3871-7089<\/span><\/p>\n<p><span style=\"color: #000000;\">\u00a0&#8211; CREAS localizado no endere\u00e7o: Agamenon Magalh\u00e3es, n\u00ba 505, bairro Santo Ant\u00f4nio<\/span><\/p>\n<p><span style=\"color: #000000;\"> Fone: (87) 3871-7091<\/span><\/p>\n<p><span style=\"color: #000000;\">&#8211; CRAS 1 localizado no endere\u00e7o: Travessa Dantas Barreto, s\/n, bairro Divino Esp\u00edrito Santo<\/span><br \/>\n<span style=\"color: #000000;\"> Fone: (87) 3871-6548<\/span><\/p>\n<p><span style=\"color: #000000;\">&#8211; CRAS 2 localizado no endere\u00e7o: Pra\u00e7a CEUs, Bairro Cohab<\/span><br \/>\n<span style=\"color: #000000;\"> Fone: (87) 3871-3207<\/span><\/p>\n<p><span style=\"color: #000000;\">Fonte<\/span>:<a href=\"%20http:\/\/g1.globo.com\/pe\/petrolina-regiao\/noticia\/2015\/01\/abertas-inscricoes-para-o-camarote-da-acessibilidade-em-salgueiro-pe.html\" target=\"_blank\"> http:\/\/g1.globo.com\/pe\/petrolina-regiao\/noticia\/2015\/01\/abertas-inscricoes-para-o-camarote-da-acessibilidade-em-salgueiro-pe.html<\/a><\/p>\n","protected":false},"excerpt":{"rendered":"<p>Petrolina PE \u00a0S\u00e3o 70 vagas para pessoas com defici\u00eancia maiores de cinco anos. Carnaval da cidade acontece de 14 a 17 de fevereiro \u00a0Est\u00e3o abertas as inscri\u00e7\u00f5es para o Camarote da Acessibilidade do carnaval de\u00a0Salgueiro, no Sert\u00e3o pernambucano. S\u00e3o disponibilizadas 70 vagas para pessoas com defici\u00eancia com idade superior a cinco anos que desejam participar [&hellip;]<\/p>\n","protected":false},"author":4,"featured_media":0,"comment_status":"open","ping_status":"open","sticky":false,"template":"","format":"standard","meta":{"footnotes":""},"categories":[43],"tags":[],"class_list":["post-1663","post","type-post","status-publish","format-standard","hentry","category-noticia"],"_links":{"self":[{"href":"https:\/\/socepel.com.br\/index.php?rest_route=\/wp\/v2\/posts\/1663","targetHints":{"allow":["GET"]}}],"collection":[{"href":"https:\/\/socepel.com.br\/index.php?rest_route=\/wp\/v2\/posts"}],"about":[{"href":"https:\/\/socepel.com.br\/index.php?rest_route=\/wp\/v2\/types\/post"}],"author":[{"embeddable":true,"href":"https:\/\/socepel.com.br\/index.php?rest_route=\/wp\/v2\/users\/4"}],"replies":[{"embeddable":true,"href":"https:\/\/socepel.com.br\/index.php?rest_route=%2Fwp%2Fv2%2Fcomments&post=1663"}],"version-history":[{"count":1,"href":"https:\/\/socepel.com.br\/index.php?rest_route=\/wp\/v2\/posts\/1663\/revisions"}],"predecessor-version":[{"id":1664,"href":"https:\/\/socepel.com.br\/index.php?rest_route=\/wp\/v2\/posts\/1663\/revisions\/1664"}],"wp:attachment":[{"href":"https:\/\/socepel.com.br\/index.php?rest_route=%2Fwp%2Fv2%2Fmedia&parent=1663"}],"wp:term":[{"taxonomy":"category","embeddable":true,"href":"https:\/\/socepel.com.br\/index.php?rest_route=%2Fwp%2Fv2%2Fcategories&post=1663"},{"taxonomy":"post_tag","embeddable":true,"href":"https:\/\/socepel.com.br\/index.php?rest_route=%2Fwp%2Fv2%2Ftags&post=1663"}],"curies":[{"name":"wp","href":"https:\/\/api.w.org\/{rel}","templated":true}]}}