{"id":1660,"date":"2015-01-16T00:32:34","date_gmt":"2015-01-16T00:32:34","guid":{"rendered":"http:\/\/www.socepel.com.br\/wpress\/?p=1660"},"modified":"2015-01-17T00:36:02","modified_gmt":"2015-01-17T00:36:02","slug":"seduc-abre-vagas-para-curso-de-lingua-portuguesa-na-modalidade-escrita-para-surdos","status":"publish","type":"post","link":"https:\/\/socepel.com.br\/?p=1660","title":{"rendered":"Seduc abre vagas para curso de L\u00edngua Portuguesa na Modalidade Escrita para Surdos"},"content":{"rendered":"<p><strong>Ag\u00eancia Par\u00e1 de Not\u00edcias<\/strong><\/p>\n<p><span style=\"color: #000000;\">A Secretaria de Estado de Educa\u00e7\u00e3o (Seduc) est\u00e1 ofertando, por meio da Coordenadoria de Educa\u00e7\u00e3o Especial (COEES) e em parceria com o Minist\u00e9rio da Educa\u00e7\u00e3o (MEC), 100 vagas para o Curso de Forma\u00e7\u00e3o Inicial e Continuada em Ensino de L\u00edngua Portuguesa na Modalidade Escrita para Surdos, sendo 75 vagas para o interior e 25 para Bel\u00e9m. A forma\u00e7\u00e3o \u00e9 destinada a professores da rede estadual de ensino que atuam no Atendimento Educacional Especializado, com L\u00edngua Portuguesa, destinado aos alunos com defici\u00eancia auditiva e surdez. As inscri\u00e7\u00f5es iniciam na pr\u00f3xima segunda-feira, 19, e podem ser feitas no site<\/span>\u00a0<a href=\"http:\/\/www.seduc.pa.gov.br\/inscri%C3%A7%C3%A3o_educacaoe\/\">www.seduc.pa.gov.br\/inscri\u00e7\u00e3o_educacaoe\/<\/a>.<strong><br \/>\n<\/strong><\/p>\n<p><span style=\"color: #000000;\">O curso ser\u00e1 ministrado no per\u00edodo de 11 a 29 de maio, em Bel\u00e9m, e tem como principal objetivo contribuir para a garantia do acesso e perman\u00eancia na escola dos alunos com defici\u00eancia, Transtornos Globais do Desenvolvimento (TGD) e dos alunos com Altas Habilidades e Superdota\u00e7\u00e3o, al\u00e9m de capacitar professores no ensino da L\u00edngua Portuguesa na modalidade escrita para surdos e refletir acerca das bases conceituais e te\u00f3ricas do ensino da L\u00edngua Portuguesa como segunda l\u00edngua para alunos surdos.<\/span><\/p>\n<p><span style=\"color: #000000;\">Al\u00e9m disso, a forma\u00e7\u00e3o busca compreender como o contexto bil\u00edngue da pessoa surda configura-se diante da coexist\u00eancia da L\u00edngua Brasileira de Sinais (Libras) e da L\u00edngua Portuguesa, desenvolvendo habilidades e compet\u00eancias para uma pr\u00e1tica pedag\u00f3gica e avaliativa, de forma bil\u00edngue com foco na alfabetiza\u00e7\u00e3o da pessoa surda.<\/span><\/p>\n<p><span style=\"color: #000000;\">Participam do curso professores dos seguintes munic\u00edpios: Abaetetuba, Acar\u00e1, Ananindeua, Augusto Corr\u00eaa, Bai\u00e3o, Barcarena, Bel\u00e9m, Benevides, Bonito, Bujaru, Cachoeira do Arari, Cachoeira do Piri\u00e1, Camet\u00e1, Capanema, Capit\u00e3o Po\u00e7o, Castanhal, Curu\u00e7\u00e1, Igarap\u00e9-Miri, Limoeiro do Ajuru, Marapanim, Marituba, Mocajuba, Nova Esperan\u00e7a do Piri\u00e1, Oeiras do Par\u00e1, Our\u00e9m, Ponta de Pedras, Primavera, Quatipuru, Salin\u00f3polis, Santa B\u00e1rbara do Par\u00e1, Santa Isabel do Par\u00e1, Santa Maria do Par\u00e1, Santo Ant\u00f4nio do Tau\u00e1, S\u00e3o Domingos do Capim, S\u00e3o Miguel do Guam\u00e1, Soure, Tail\u00e2ndia, Terra Alta, Tracuateua e Vigia.<\/span><\/p>\n<p><span style=\"color: #000000;\">As despesas com hospedagem, caf\u00e9 da manh\u00e3, almo\u00e7o, jantar e passagens, para os professores do interior do estado, ser\u00e3o todas financiadas pela Seduc com o apoio do MEC e do Fundo Nacional de Desenvolvimento da Educa\u00e7\u00e3o (FNDE). Para os docentes da capital, a secretaria se responsabilizar\u00e1 apenas com o almo\u00e7o. A COEES pede que os professores apresentem o ticket de passagem com o CNPJ da empresa ou CPF da Pessoa F\u00edsica respons\u00e1vel pelo transporte para a devida presta\u00e7\u00e3o de contas e reembolso.<\/span><\/p>\n<p><span style=\"color: #000000;\"><strong>Eliane\u00a0Cardoso<br \/>\nSecretaria de Estado de Educa\u00e7\u00e3o<\/strong><\/span><\/p>\n<p><strong>Fonte: <a href=\"http:\/\/www.agenciapara.com.br\/noticia.asp?id_ver=108183\" target=\"_blank\">http:\/\/www.agenciapara.com.br\/noticia.asp?id_ver=108183<\/a><\/strong><\/p>\n","protected":false},"excerpt":{"rendered":"<p>Ag\u00eancia Par\u00e1 de Not\u00edcias A Secretaria de Estado de Educa\u00e7\u00e3o (Seduc) est\u00e1 ofertando, por meio da Coordenadoria de Educa\u00e7\u00e3o Especial (COEES) e em parceria com o Minist\u00e9rio da Educa\u00e7\u00e3o (MEC), 100 vagas para o Curso de Forma\u00e7\u00e3o Inicial e Continuada em Ensino de L\u00edngua Portuguesa na Modalidade Escrita para Surdos, sendo 75 vagas para o [&hellip;]<\/p>\n","protected":false},"author":4,"featured_media":0,"comment_status":"open","ping_status":"open","sticky":false,"template":"","format":"standard","meta":{"footnotes":""},"categories":[19,43],"tags":[],"class_list":["post-1660","post","type-post","status-publish","format-standard","hentry","category-educacao","category-noticia"],"_links":{"self":[{"href":"https:\/\/socepel.com.br\/index.php?rest_route=\/wp\/v2\/posts\/1660","targetHints":{"allow":["GET"]}}],"collection":[{"href":"https:\/\/socepel.com.br\/index.php?rest_route=\/wp\/v2\/posts"}],"about":[{"href":"https:\/\/socepel.com.br\/index.php?rest_route=\/wp\/v2\/types\/post"}],"author":[{"embeddable":true,"href":"https:\/\/socepel.com.br\/index.php?rest_route=\/wp\/v2\/users\/4"}],"replies":[{"embeddable":true,"href":"https:\/\/socepel.com.br\/index.php?rest_route=%2Fwp%2Fv2%2Fcomments&post=1660"}],"version-history":[{"count":2,"href":"https:\/\/socepel.com.br\/index.php?rest_route=\/wp\/v2\/posts\/1660\/revisions"}],"predecessor-version":[{"id":1662,"href":"https:\/\/socepel.com.br\/index.php?rest_route=\/wp\/v2\/posts\/1660\/revisions\/1662"}],"wp:attachment":[{"href":"https:\/\/socepel.com.br\/index.php?rest_route=%2Fwp%2Fv2%2Fmedia&parent=1660"}],"wp:term":[{"taxonomy":"category","embeddable":true,"href":"https:\/\/socepel.com.br\/index.php?rest_route=%2Fwp%2Fv2%2Fcategories&post=1660"},{"taxonomy":"post_tag","embeddable":true,"href":"https:\/\/socepel.com.br\/index.php?rest_route=%2Fwp%2Fv2%2Ftags&post=1660"}],"curies":[{"name":"wp","href":"https:\/\/api.w.org\/{rel}","templated":true}]}}