{"id":1650,"date":"2015-01-13T01:53:42","date_gmt":"2015-01-13T01:53:42","guid":{"rendered":"http:\/\/www.socepel.com.br\/wpress\/?p=1650"},"modified":"2015-01-16T02:03:34","modified_gmt":"2015-01-16T02:03:34","slug":"profissionais-serao-capacitados-para-atendimento-ao-surdo-no-sus","status":"publish","type":"post","link":"https:\/\/socepel.com.br\/?p=1650","title":{"rendered":"Profissionais ser\u00e3o capacitados para atendimento ao surdo no SUS"},"content":{"rendered":"<p>&nbsp;<\/p>\n<h1><span style=\"color: #000000;\">Alagoas<\/span><\/h1>\n<p><a href=\"http:\/\/www.socepel.com.br\/wpress\/wp-content\/uploads\/2015\/01\/Noticia_20150113_Imagem.jpg\"><img loading=\"lazy\" decoding=\"async\" class=\"aligncenter size-full wp-image-1651\" src=\"http:\/\/www.socepel.com.br\/wpress\/wp-content\/uploads\/2015\/01\/Noticia_20150113_Imagem.jpg\" alt=\"Noticia_20150113_Imagem\" width=\"500\" height=\"374\" srcset=\"https:\/\/socepel.com.br\/wp-content\/uploads\/2015\/01\/Noticia_20150113_Imagem.jpg 500w, https:\/\/socepel.com.br\/wp-content\/uploads\/2015\/01\/Noticia_20150113_Imagem-300x224.jpg 300w\" sizes=\"auto, (max-width: 500px) 100vw, 500px\" \/><\/a>Uma parceria entre o Programa de Aten\u00e7\u00e3o \u00e0 Pessoa com Defici\u00eancia (PAPD) da Secretaria Municipal de Sa\u00fade (SMS) e o Centro de Atendimento ao Surdo (CAS) disponibilizar\u00e1, no in\u00edcio de fevereiro, a realiza\u00e7\u00e3o de um novo curso b\u00e1sico de L\u00edngua Brasileira de Sinais (Libras) direcionado aos profissionais de sa\u00fade do munic\u00edpio. O curso, oferecido gratuitamente, tem como objetivo capacitar os profissionais, em especial os que trabalham nas unidades de sa\u00fade, a proporcionar um acolhimento mais adequado aos usu\u00e1rios com defici\u00eancia auditiva.<\/p>\n<p><span style=\"color: #000000;\">\u201cNossa finalidade \u00e9 eliminar os obst\u00e1culos que possam surgir no atendimento ao surdo na rede p\u00fablica de sa\u00fade, facilitando, por meio da comunica\u00e7\u00e3o adequada, o entendimento das necessidades que o levaram a procurar um atendimento m\u00e9dico, garantindo seu acesso integral ao Sistema \u00danico de Sa\u00fade (SUS)\u201d, frisa a psic\u00f3loga Analinne Maia, t\u00e9cnica respons\u00e1vel pelo curso no PAPD.<\/span><\/p>\n<p><span style=\"color: #000000;\">O curso de Libras direcionado aos profissionais de sa\u00fade ser\u00e1 realizado durante o per\u00edodo de seis meses. Cada aula ter\u00e1 dura\u00e7\u00e3o de tr\u00eas horas, uma vez por semana. Para participar, os interessados devem solicitar uma declara\u00e7\u00e3o da coordena\u00e7\u00e3o ou dire\u00e7\u00e3o de sua unidade ou setor de trabalho como comprova\u00e7\u00e3o de seu v\u00ednculo com a SMS e um encaminhamento, junto ao PAPD \u2013 localizado nas salas 129 e 130, do Bloco M do PAM Salgadinho, a partir do dia 19 de janeiro \u2013 juntando, a isso, um comprovante de resid\u00eancia, uma foto 3\u00d74, RG e CPF<\/span><\/p>\n<p><span style=\"color: #000000;\">As inscri\u00e7\u00f5es ser\u00e3o iniciadas no dia 3 de fevereiro, no pr\u00f3prio Centro de Atendimento ao Surdo, situado \u00e0 Rua Ernesto Maranh\u00e3o, s\/n, Jati\u00faca, ao lado da Escola Estadual Rosalvo Lobo. Ser\u00e3o disponibilizadas 25 vagas. Outras informa\u00e7\u00f5es podem ser obtidas pelos telefones 3315-5295 e 3315-5213 ou pelo e-mail<\/span> <a href=\"mailto:papd.maceio@gmail.com\">papd.maceio@gmail.com<\/a>.<\/p>\n<p><span style=\"color: #000000;\">Oficina<\/span><\/p>\n<p><span style=\"color: #000000;\">Abrindo espa\u00e7o para que o profissional assegure a possibilidade de lidar de forma eficiente com os pacientes que possuem defici\u00eancia auditiva, o curso teve sua realiza\u00e7\u00e3o motivada por outra a\u00e7\u00e3o semelhante do PAPD. Realizada em setembro passado, a oficina \u201cO Atendimento da Pessoa Surda na Sa\u00fade\u201d, ministrada pelo professor Paulo Andr\u00e9 da Silva Bulh\u00f5es, da Universidade Federal de Santa Catarina (UFSC) \u2013 que tamb\u00e9m \u00e9 surdo \u2013 despertou o interesse de enfermeiros, m\u00e9dicos, psic\u00f3logos, fisioterapeutas, terapeutas ocupacionais, auxiliares e t\u00e9cnicos de enfermagem que trabalham na rede p\u00fablica de sa\u00fade para o assunto.<\/span><\/p>\n<p><span style=\"color: #000000;\">\u201cJ\u00e1 naquela ocasi\u00e3o, o debate acerca do tema foi muito rico e interessante, o que levou \u00e0 ideia de capacitar os profissionais da \u00e1rea, proporcionando um atendimento mais humanizado e eficiente a esse p\u00fablico-alvo, j\u00e1 que o modo como os deficientes auditivos lidam com o mundo \u00e9 diferente daqueles que ouvem e a constante capacita\u00e7\u00e3o \u00e9 importante para promover a inclus\u00e3o social\u201d, ressalta Analinne.<\/span><\/p>\n<p><span style=\"color: #000000;\"><strong>Fonte:\u00a0<\/strong>Ascom SMS<\/span><\/p>\n<p><a href=\"http:\/\/www.alagoas24horas.com.br\/conteudo\/?vEditoria=Sa%FAde&amp;vCod=217427\" target=\"_blank\">http:\/\/www.alagoas24horas.com.br\/conteudo\/?vEditoria=Sa%FAde&amp;vCod=217427<\/a><\/p>\n","protected":false},"excerpt":{"rendered":"<p>&nbsp; Alagoas Uma parceria entre o Programa de Aten\u00e7\u00e3o \u00e0 Pessoa com Defici\u00eancia (PAPD) da Secretaria Municipal de Sa\u00fade (SMS) e o Centro de Atendimento ao Surdo (CAS) disponibilizar\u00e1, no in\u00edcio de fevereiro, a realiza\u00e7\u00e3o de um novo curso b\u00e1sico de L\u00edngua Brasileira de Sinais (Libras) direcionado aos profissionais de sa\u00fade do munic\u00edpio. O curso, [&hellip;]<\/p>\n","protected":false},"author":4,"featured_media":0,"comment_status":"open","ping_status":"open","sticky":false,"template":"","format":"standard","meta":{"footnotes":""},"categories":[43],"tags":[],"class_list":["post-1650","post","type-post","status-publish","format-standard","hentry","category-noticia"],"_links":{"self":[{"href":"https:\/\/socepel.com.br\/index.php?rest_route=\/wp\/v2\/posts\/1650","targetHints":{"allow":["GET"]}}],"collection":[{"href":"https:\/\/socepel.com.br\/index.php?rest_route=\/wp\/v2\/posts"}],"about":[{"href":"https:\/\/socepel.com.br\/index.php?rest_route=\/wp\/v2\/types\/post"}],"author":[{"embeddable":true,"href":"https:\/\/socepel.com.br\/index.php?rest_route=\/wp\/v2\/users\/4"}],"replies":[{"embeddable":true,"href":"https:\/\/socepel.com.br\/index.php?rest_route=%2Fwp%2Fv2%2Fcomments&post=1650"}],"version-history":[{"count":3,"href":"https:\/\/socepel.com.br\/index.php?rest_route=\/wp\/v2\/posts\/1650\/revisions"}],"predecessor-version":[{"id":1654,"href":"https:\/\/socepel.com.br\/index.php?rest_route=\/wp\/v2\/posts\/1650\/revisions\/1654"}],"wp:attachment":[{"href":"https:\/\/socepel.com.br\/index.php?rest_route=%2Fwp%2Fv2%2Fmedia&parent=1650"}],"wp:term":[{"taxonomy":"category","embeddable":true,"href":"https:\/\/socepel.com.br\/index.php?rest_route=%2Fwp%2Fv2%2Fcategories&post=1650"},{"taxonomy":"post_tag","embeddable":true,"href":"https:\/\/socepel.com.br\/index.php?rest_route=%2Fwp%2Fv2%2Ftags&post=1650"}],"curies":[{"name":"wp","href":"https:\/\/api.w.org\/{rel}","templated":true}]}}