{"id":1638,"date":"2015-01-10T23:53:34","date_gmt":"2015-01-10T23:53:34","guid":{"rendered":"http:\/\/www.socepel.com.br\/wpress\/?p=1638"},"modified":"2015-01-11T23:54:13","modified_gmt":"2015-01-11T23:54:13","slug":"projeto-com-deficientes-auditivos-cumpre-proposta-da-gm-de-inclusao","status":"publish","type":"post","link":"https:\/\/socepel.com.br\/?p=1638","title":{"rendered":"Projeto com deficientes auditivos cumpre proposta da GM de inclus\u00e3o"},"content":{"rendered":"<p><span style=\"color: #000000;\">Cinco pessoas com defici\u00eancia auditiva foram contratadas.<\/span><br \/>\n<span style=\"color: #000000;\"> Processo seletivo dos surdos foi rigoroso.<\/span><\/p>\n<p><span style=\"color: #000000;\">\u00a0A contrata\u00e7\u00e3o de cinco pessoas com defici\u00eancia auditiva para trabalhar em conjunto com a<\/span> <a href=\"http:\/\/www.gmjundiai.com.br\/GMJ\/home\/Default.asp\">Guarda Municipal de Jundia\u00ed<\/a><span style=\"color: #000000;\">\u00a0\u00e9 mais uma a\u00e7\u00e3o voltada \u00e0 inclus\u00e3o, como previsto n<\/span>o\u00a0<a href=\"http:\/\/www2.jundiai.sp.gov.br\/wp-content\/uploads\/2013\/07\/Programa-de-Metas-2013.2016.pdf\">Programa de Metas do munic\u00edpio<\/a>. <span style=\"color: #000000;\">O projeto \u201cInclus\u00e3o do Surdo na Guarda Municipal de Jundia\u00ed\u201d \u00e9 uma a\u00e7\u00e3o pioneira no Brasil e objetiva aproveitar o sentido visual mais apurado dos surdos para aumentar a efici\u00eancia do setor de monitoramento e, consequentemente, ampliar o n\u00famero de atendimentos de ocorr\u00eancias pela GM.<\/span><\/p>\n<p><span style=\"color: #000000;\">A ideia ganhou corpo ap\u00f3s integrantes da Guarda participarem de um curso de qualifica\u00e7\u00e3o em Libras (L\u00edngua Brasileira de Sinais). Ap\u00f3s diversas reuni\u00f5es entre a Guarda Municipal, Grupo Tejofran (administradora do monitoramento) e Coordenadoria da Pessoa com Defici\u00eancia, o projeto se tornou realidade com a contrata\u00e7\u00e3o de deficientes auditivos, que come\u00e7am a trabalhar a partir deste m\u00eas.<\/span><\/p>\n<p><span style=\"color: #000000;\"><a href=\"http:\/\/www.socepel.com.br\/wpress\/wp-content\/uploads\/2015\/01\/Noticia_20150110B_Imagem.jpg\"><img loading=\"lazy\" decoding=\"async\" class=\"aligncenter size-full wp-image-1639\" src=\"http:\/\/www.socepel.com.br\/wpress\/wp-content\/uploads\/2015\/01\/Noticia_20150110B_Imagem.jpg\" alt=\"Noticia_20150110B_Imagem\" width=\"600\" height=\"475\" srcset=\"https:\/\/socepel.com.br\/wp-content\/uploads\/2015\/01\/Noticia_20150110B_Imagem.jpg 600w, https:\/\/socepel.com.br\/wp-content\/uploads\/2015\/01\/Noticia_20150110B_Imagem-300x237.jpg 300w\" sizes=\"auto, (max-width: 600px) 100vw, 600px\" \/><\/a>O processo seletivo dos surdos foi rigoroso. Inicialmente, a GM entrou em contato com o Clube dos Surdos de Jundia\u00ed, para que fossem indicados alguns candidatos, ap\u00f3s an\u00e1lise de curr\u00edculos. Num segundo momento, os candidatos selecionados foram entrevistados pela equipe de recrutamento do Grupo Tejofran.<\/span><\/p>\n<p><span style=\"color: #000000;\">Para que o projeto pudesse ser realizado, foram elaborados equipamentos espec\u00edficos para a comunica\u00e7\u00e3o, como a instala\u00e7\u00e3o de luzes nos monitores para facilitar a comunica\u00e7\u00e3o dos surdos.<\/span><\/p>\n<p><span style=\"color: #000000;\">Al\u00e9m de oferecer uma maior efici\u00eancia do setor de monitoramento da GM, o projeto proporciona tamb\u00e9m aos guardas uma aproxima\u00e7\u00e3o com integrantes da comunidade surda local e, consequentemente, um maior conhecimento da cultura surda<\/span><\/p>\n<p><span style=\"color: #000000;\"><strong>Texto:<\/strong><strong>\u00a0<\/strong>Assessoria de Imprensa GM<\/span><br \/>\n<span style=\"color: #000000;\"> <strong>Foto:<\/strong>\u00a0Fot\u00f3grafos PJ<\/span><\/p>\n<p>Fonte: <a href=\"http:\/\/g1.globo.com\/sao-paulo\/sorocaba-jundiai\/especial-publicitario\/novidades-em-jundiai\/noticia\/2015\/01\/projeto-com-deficientes-auditivos-cumpre-proposta-da-gm-de-inclusao.html\" target=\"_blank\"><span style=\"color: #0000ff;\">http:\/\/g1.globo.com\/sao-paulo\/sorocaba-jundiai\/especial-publicitario\/novidades-em-jundiai\/noticia\/2015\/01\/projeto-com-deficientes-auditivos-cumpre-proposta-da-gm-de-inclusao.html<\/span><\/a><\/p>\n","protected":false},"excerpt":{"rendered":"<p>Cinco pessoas com defici\u00eancia auditiva foram contratadas. Processo seletivo dos surdos foi rigoroso. \u00a0A contrata\u00e7\u00e3o de cinco pessoas com defici\u00eancia auditiva para trabalhar em conjunto com a Guarda Municipal de Jundia\u00ed\u00a0\u00e9 mais uma a\u00e7\u00e3o voltada \u00e0 inclus\u00e3o, como previsto no\u00a0Programa de Metas do munic\u00edpio. O projeto \u201cInclus\u00e3o do Surdo na Guarda Municipal de Jundia\u00ed\u201d \u00e9 [&hellip;]<\/p>\n","protected":false},"author":4,"featured_media":0,"comment_status":"open","ping_status":"open","sticky":false,"template":"","format":"standard","meta":{"footnotes":""},"categories":[43],"tags":[],"class_list":["post-1638","post","type-post","status-publish","format-standard","hentry","category-noticia"],"_links":{"self":[{"href":"https:\/\/socepel.com.br\/index.php?rest_route=\/wp\/v2\/posts\/1638","targetHints":{"allow":["GET"]}}],"collection":[{"href":"https:\/\/socepel.com.br\/index.php?rest_route=\/wp\/v2\/posts"}],"about":[{"href":"https:\/\/socepel.com.br\/index.php?rest_route=\/wp\/v2\/types\/post"}],"author":[{"embeddable":true,"href":"https:\/\/socepel.com.br\/index.php?rest_route=\/wp\/v2\/users\/4"}],"replies":[{"embeddable":true,"href":"https:\/\/socepel.com.br\/index.php?rest_route=%2Fwp%2Fv2%2Fcomments&post=1638"}],"version-history":[{"count":2,"href":"https:\/\/socepel.com.br\/index.php?rest_route=\/wp\/v2\/posts\/1638\/revisions"}],"predecessor-version":[{"id":1641,"href":"https:\/\/socepel.com.br\/index.php?rest_route=\/wp\/v2\/posts\/1638\/revisions\/1641"}],"wp:attachment":[{"href":"https:\/\/socepel.com.br\/index.php?rest_route=%2Fwp%2Fv2%2Fmedia&parent=1638"}],"wp:term":[{"taxonomy":"category","embeddable":true,"href":"https:\/\/socepel.com.br\/index.php?rest_route=%2Fwp%2Fv2%2Fcategories&post=1638"},{"taxonomy":"post_tag","embeddable":true,"href":"https:\/\/socepel.com.br\/index.php?rest_route=%2Fwp%2Fv2%2Ftags&post=1638"}],"curies":[{"name":"wp","href":"https:\/\/api.w.org\/{rel}","templated":true}]}}